{"id":962,"date":"2023-07-28T05:19:14","date_gmt":"2023-07-28T05:19:14","guid":{"rendered":"https:\/\/estherfdez.es\/?p=962"},"modified":"2023-07-28T05:19:14","modified_gmt":"2023-07-28T05:19:14","slug":"cultivar-en-vacaciones-el-modo-ser-los-efectos-en-el-bienestar-y-la-creatividad","status":"publish","type":"post","link":"https:\/\/estherfdez.es\/en\/cultivar-en-vacaciones-el-modo-ser-los-efectos-en-el-bienestar-y-la-creatividad\/","title":{"rendered":"Cultivar en vacaciones el modo ser: los efectos en el bienestar y la creatividad"},"content":{"rendered":"<div class=\"flex-1 overflow-hidden\">\n<div class=\"react-scroll-to-bottom--css-yljzw-79elbk h-full dark:bg-gray-800\">\n<div class=\"react-scroll-to-bottom--css-yljzw-1n7m0yu\">\n<div class=\"flex flex-col text-sm dark:bg-gray-800\">\n<div class=\"group w-full text-gray-800 dark:text-gray-100 border-b border-black\/10 dark:border-gray-900\/50 bg-gray-50 dark:bg-[#444654]\">\n<div class=\"flex p-4 gap-4 text-base md:gap-6 md:max-w-2xl lg:max-w-[38rem] xl:max-w-3xl md:py-6 lg:px-0 m-auto\">\n<div class=\"relative flex w-[calc(100%-50px)] flex-col gap-1 md:gap-3 lg:w-[calc(100%-115px)]\">\n<div class=\"flex flex-grow flex-col gap-3\">\n<div class=\"min-h-[20px] flex items-start overflow-x-auto whitespace-pre-wrap break-words flex-col gap-4\">\n<div class=\"markdown prose w-full break-words dark:prose-invert light\">\n<p>Las vacaciones son ese anhelado momento del a\u00f1o en el que podemos desconectar del ajetreo diario, alejarnos del estr\u00e9s laboral y disfrutar de un tiempo para nosotros mismos. Pero muchas veces seguimos la inercia de seguir haciendo una cosa tras otra y nos estresamos en lugar de descansar. La idea es destinar tiempo a ser, a sentir, a conectar con lo esencial de la vida. La pr\u00e1ctica del \u00abmodo ser,\u00bb un enfoque que busca experimentar la vida con calma, atenci\u00f3n plena y autenticidad, tiene efectos significativos en nuestro bienestar y creatividad, permiti\u00e9ndonos retornar a nuestras actividades cotidianas m\u00e1s renovados.<\/p>\n<p><strong>\u00bfQu\u00e9 es el Modo Ser?<\/strong><\/p>\n<p>El modo ser, tambi\u00e9n conocido como el \u00abser consciente,\u00bb se refiere a una forma de vivir centrada en el presente, en la plena conciencia de cada momento y en el disfrute de la experiencia sin juicios ni distracciones. Significa abandonar temporalmente el \u00abmodo hacer,\u00bb tan caracter\u00edstico de la rutina diaria, para permitirnos simplemente ser y existir sin la presi\u00f3n de alcanzar metas o cumplir tareas.<\/p>\n<p><strong>El Bienestar en el Modo Ser durante las Vacaciones<\/strong><\/p>\n<ol>\n<li><strong>Reducci\u00f3n del estr\u00e9s:<\/strong> Durante las vacaciones, nuestro organismo tiene la oportunidad de liberar tensiones acumuladas. El modo ser, al fomentar la calma mental y la relajaci\u00f3n, reduce significativamente los niveles de estr\u00e9s, lo que a su vez nuestra mejora la salud f\u00edsica y mental.<\/li>\n<li><strong>Conexi\u00f3n con uno mismo:<\/strong> Al estar en el presente, nos permitimos reconectar con nuestras emociones, necesidades y deseos m\u00e1s profundos. Esto puede generar una mayor autoconciencia y autoaceptaci\u00f3n, fortaleciendo as\u00ed nuestra confianza y autoestima.<\/li>\n<li><strong>Mejora del sue\u00f1o:<\/strong> La adopci\u00f3n del modo ser en vacaciones ayuda a regular nuestro ciclo de sue\u00f1o. Al estar m\u00e1s relajados y menos preocupados, es m\u00e1s probable que experimentemos un sue\u00f1o reparador y de mejor calidad.<\/li>\n<li><strong>Potenciaci\u00f3n de la felicidad:<\/strong> La atenci\u00f3n plena hacia las peque\u00f1as cosas, como un atardecer, una comida deliciosa o una charla con un ser querido, nos permite encontrar la felicidad en los detalles cotidianos que a menudo pasan por alto.<\/li>\n<\/ol>\n<p><strong>Creatividad: El Modo Ser como Fuente de Inspiraci\u00f3n<\/strong><\/p>\n<p>La creatividad florece cuando nuestra mente se encuentra en un estado relajado y despejado. Aqu\u00ed es donde el modo ser desempe\u00f1a un papel crucial:<\/p>\n<ol>\n<li><strong>Libertad para explorar:<\/strong> Durante las vacaciones, nos alejamos de las restricciones y la rutina diaria, lo que nos permite explorar nuevas experiencias y enfoques. Esta libertad estimula la creatividad y la imaginaci\u00f3n.<\/li>\n<li><strong>Mente abierta:<\/strong> Al practicar el modo ser, liberamos nuestra mente de pensamientos limitantes y juicios. Como resultado, estamos m\u00e1s abiertos a nuevas ideas y perspectivas.<\/li>\n<li><strong>Mayor enfoque en las pasiones:<\/strong> Las vacaciones nos dan tiempo para sumergirnos en nuestras actividades y pasiones favoritas. Esto enciende nuestra creatividad y puede conducir a la generaci\u00f3n de ideas innovadoras.<\/li>\n<li><strong>Conexiones inesperadas:<\/strong> Al alejarnos del estr\u00e9s laboral y social, nuestro mente puede hacer conexiones inesperadas entre conceptos aparentemente no relacionados. Esta capacidad de s\u00edntesis es esencial para la creatividad.<\/li>\n<\/ol>\n<p><strong>Consejos para Aprovechar al M\u00e1ximo el Modo Ser en Vacaciones<\/strong><\/p>\n<ol>\n<li><strong>Desconexi\u00f3n digital:<\/strong> Reduce el uso de dispositivos electr\u00f3nicos y redes sociales para evitar distracciones y disfrutar plenamente del momento presente.<\/li>\n<li><strong>Pr\u00e1ctica de la meditaci\u00f3n y la atenci\u00f3n plena:<\/strong> Dedica tiempo cada d\u00eda para meditar y practicar la atenci\u00f3n plena, permitiendo que tu mente se aquiete y se enfoque en el presente.<\/li>\n<li><strong>Encuentra tiempo para el ocio:<\/strong> Dedica tiempo a actividades que te brinden alegr\u00eda y bienestar, ya sea leer un libro, pasear por la naturaleza o simplemente descansar.<\/li>\n<li><strong>Fomenta la creatividad:<\/strong> Experimenta con nuevas actividades art\u00edsticas, como pintura, escritura, fotograf\u00eda o cualquier forma de expresi\u00f3n que te inspire.<\/li>\n<li><strong>Establece l\u00edmites:<\/strong> Aseg\u00farate de establecer l\u00edmites con las responsabilidades laborales y sociales para que puedas disfrutar plenamente de tu tiempo de descanso.<\/li>\n<\/ol>\n<p>En resumen, las vacaciones son una oportunidad \u00fanica para recargar energ\u00edas y mejorar nuestro bienestar y creatividad. Aprovechar el modo ser durante este tiempo nos permite vivir con autenticidad, encontrar la felicidad en las peque\u00f1as cosas y desatar la creatividad interior. As\u00ed, al regresar a nuestra vida diaria, estaremos m\u00e1s conectados con nosotros mismos y preparados para enfrentar nuevos desaf\u00edos con una mente renovada y llena de inspiraci\u00f3n.<\/p>\n<\/div>\n<p><strong>Esther Fern\u00e1ndez<\/strong><\/p>\n<p>Consultora, Coach y Formadora<\/p>\n<p>Experta en Mindfulness estr\u00e9s y creatividad<\/p>\n<\/div>\n<\/div>\n<\/div>\n<\/div>\n<\/div>\n<div class=\"h-32 md:h-48 flex-shrink-0\"><\/div>\n<\/div>\n<\/div>\n<\/div>\n<\/div>\n<div class=\"absolute bottom-0 left-0 w-full border-t md:border-t-0 dark:border-white\/20 md:border-transparent md:dark:border-transparent md:bg-vert-light-gradient bg-white dark:bg-gray-800 md:!bg-transparent dark:md:bg-vert-dark-gradient pt-2 md:pl-2 md:w-[calc(100%-.5rem)]\">\n<form class=\"stretch mx-2 flex flex-row gap-3 last:mb-2 md:mx-4 md:last:mb-6 lg:mx-auto lg:max-w-2xl xl:max-w-3xl\">\n<div class=\"relative flex h-full flex-1 items-stretch md:flex-col\" role=\"presentation\">\n<div>\n<div class=\"h-full flex ml-1 md:w-full md:m-auto md:mb-2 gap-0 md:gap-2 justify-center\"><\/div>\n<\/div>\n<\/div>\n<\/form>\n<\/div>\n","protected":false},"excerpt":{"rendered":"<p>Las vacaciones son ese anhelado momento del a\u00f1o en el que podemos desconectar del ajetreo diario, alejarnos del estr\u00e9s laboral y disfrutar de un tiempo para nosotros mismos. Pero muchas&#8230;<\/p>","protected":false},"author":2,"featured_media":966,"comment_status":"open","ping_status":"open","sticky":false,"template":"","format":"standard","meta":{"footnotes":""},"categories":[38,3],"tags":[4,74,5,97,61,93,39,17,9,43,44,14,23,46],"class_list":{"0":"post-962","1":"post","2":"type-post","3":"status-publish","4":"format-standard","5":"has-post-thumbnail","7":"category-coaching","8":"category-mindfulness","9":"tag-atencion-plena","10":"tag-coach-experta-en-mindfulness","11":"tag-coaching","12":"tag-coaching-ejecutivo","13":"tag-coaching-empresarial","14":"tag-coachingmindfulness","15":"tag-inteligencia-emocional","16":"tag-liderazgo","17":"tag-mindfulness","18":"tag-mindfulness-esther-fernandez","19":"tag-mindfulness-organizaciones","20":"tag-pausa-mindfulness","21":"tag-pensamientos","22":"tag-productividad-personal"},"_links":{"self":[{"href":"https:\/\/estherfdez.es\/en\/wp-json\/wp\/v2\/posts\/962","targetHints":{"allow":["GET"]}}],"collection":[{"href":"https:\/\/estherfdez.es\/en\/wp-json\/wp\/v2\/posts"}],"about":[{"href":"https:\/\/estherfdez.es\/en\/wp-json\/wp\/v2\/types\/post"}],"author":[{"embeddable":true,"href":"https:\/\/estherfdez.es\/en\/wp-json\/wp\/v2\/users\/2"}],"replies":[{"embeddable":true,"href":"https:\/\/estherfdez.es\/en\/wp-json\/wp\/v2\/comments?post=962"}],"version-history":[{"count":0,"href":"https:\/\/estherfdez.es\/en\/wp-json\/wp\/v2\/posts\/962\/revisions"}],"wp:featuredmedia":[{"embeddable":true,"href":"https:\/\/estherfdez.es\/en\/wp-json\/"}],"wp:attachment":[{"href":"https:\/\/estherfdez.es\/en\/wp-json\/wp\/v2\/media?parent=962"}],"wp:term":[{"taxonomy":"category","embeddable":true,"href":"https:\/\/estherfdez.es\/en\/wp-json\/wp\/v2\/categories?post=962"},{"taxonomy":"post_tag","embeddable":true,"href":"https:\/\/estherfdez.es\/en\/wp-json\/wp\/v2\/tags?post=962"}],"curies":[{"name":"wp","href":"https:\/\/api.w.org\/{rel}","templated":true}]}}