{"id":923,"date":"2023-07-02T04:35:48","date_gmt":"2023-07-02T04:35:48","guid":{"rendered":"https:\/\/estherfdez.es\/?p=923"},"modified":"2023-07-02T04:35:48","modified_gmt":"2023-07-02T04:35:48","slug":"la-practica-de-mindfulness-en-las-empresas-una-herramienta-efectiva-para-combatir-el-estres","status":"publish","type":"post","link":"https:\/\/estherfdez.es\/en\/la-practica-de-mindfulness-en-las-empresas-una-herramienta-efectiva-para-combatir-el-estres\/","title":{"rendered":"La pr\u00e1ctica de mindfulness en las empresas: una herramienta efectiva para combatir el estr\u00e9s"},"content":{"rendered":"<p>El estr\u00e9s es un fen\u00f3meno com\u00fan en la vida contempor\u00e1nea y afecta a personas de todas las edades y ocupaciones. En el contexto de las organizaciones, el estr\u00e9s puede tener un impacto significativo en la salud y el bienestar de los empleados, as\u00ed como en el rendimiento y la productividad de la empresa. El estr\u00e9s laboral se ha convertido en un problema com\u00fan en muchas empresas, afectando tanto a los empleados como a la productividad y el ambiente laboral en general. En este contexto, la pr\u00e1ctica de mindfulness ha surgido como una herramienta eficaz para gestionar el estr\u00e9s y mejorar el bienestar emocional de los trabajadores.<\/p>\n<p>El estr\u00e9s laboral es una condici\u00f3n puede surgir debido a diversas causas, como altas demandas de trabajo, falta de control sobre las tareas, largas jornadas laborales, conflictos interpersonales, entre otros. Este estr\u00e9s cr\u00f3nico puede tener consecuencias negativas tanto para la salud f\u00edsica como mental de los empleados, lo que se traduce en absentismo, baja productividad y falta de motivaci\u00f3n.<\/p>\n<div class=\"flex-1 overflow-hidden\">\n<div class=\"react-scroll-to-bottom--css-fofid-79elbk h-full dark:bg-gray-800\">\n<div class=\"react-scroll-to-bottom--css-fofid-1n7m0yu\">\n<div class=\"flex flex-col text-sm dark:bg-gray-800\">\n<div class=\"group w-full text-gray-800 dark:text-gray-100 border-b border-black\/10 dark:border-gray-900\/50 bg-gray-50 dark:bg-[#444654]\">\n<div class=\"flex p-4 gap-4 text-base md:gap-6 md:max-w-2xl lg:max-w-[38rem] xl:max-w-3xl md:py-6 lg:px-0 m-auto\">\n<div class=\"relative flex w-[calc(100%-50px)] flex-col gap-1 md:gap-3 lg:w-[calc(100%-115px)]\">\n<div class=\"flex flex-grow flex-col gap-3\">\n<div class=\"min-h-[20px] flex items-start overflow-x-auto whitespace-pre-wrap break-words flex-col gap-4\">\n<div class=\"markdown prose w-full break-words dark:prose-invert light\">\n<p><strong>Causas del estr\u00e9s en las organizaciones:<\/strong><\/p>\n<ol>\n<li>Sobrecarga de trabajo: Las altas demandas laborales, la presi\u00f3n por cumplir plazos y la falta de recursos adecuados pueden generar estr\u00e9s en los empleados.<\/li>\n<li>Falta de control: La falta de control sobre las tareas asignadas y la toma de decisiones puede generar sentimientos de impotencia y estr\u00e9s.<\/li>\n<li>Ambiente laboral poco saludable: Un entorno de trabajo negativo, con conflictos interpersonales, falta de apoyo y comunicaci\u00f3n deficiente, puede aumentar el estr\u00e9s en los empleados.<\/li>\n<li>Inseguridad laboral: La incertidumbre sobre el futuro laboral, como la posibilidad de despidos o reestructuraciones, puede generar estr\u00e9s en los empleados.<\/li>\n<\/ol>\n<p><strong>Consecuencias del estr\u00e9s en las organizaciones:<\/strong><\/p>\n<ol>\n<li>Ausentismo y rotaci\u00f3n de personal: El estr\u00e9s cr\u00f3nico puede llevar a un aumento en las tasas de ausentismo y rotaci\u00f3n de empleados, lo que puede afectar la continuidad operativa y aumentar los costos de contrataci\u00f3n y entrenamiento.<\/li>\n<li>Disminuci\u00f3n del rendimiento: El estr\u00e9s puede afectar negativamente el rendimiento y la productividad de los empleados, ya que dificulta la concentraci\u00f3n, la toma de decisiones y la creatividad.<\/li>\n<li>Problemas de salud: El estr\u00e9s cr\u00f3nico puede tener un impacto significativo en la salud de los empleados, aumentando el riesgo de enfermedades f\u00edsicas y mentales, como enfermedades cardiovasculares, trastornos de ansiedad y depresi\u00f3n.<\/li>\n<li>Clima organizacional negativo: El estr\u00e9s en los empleados puede generar un ambiente laboral negativo, con un deterioro en la moral, la satisfacci\u00f3n laboral y la colaboraci\u00f3n entre compa\u00f1eros.<\/li>\n<\/ol>\n<\/div>\n<\/div>\n<\/div>\n<\/div>\n<\/div>\n<\/div>\n<div class=\"h-32 md:h-48 flex-shrink-0\"><\/div>\n<\/div>\n<\/div>\n<\/div>\n<\/div>\n<div class=\"absolute bottom-0 left-0 w-full border-t md:border-t-0 dark:border-white\/20 md:border-transparent md:dark:border-transparent md:bg-vert-light-gradient bg-white dark:bg-gray-800 md:!bg-transparent dark:md:bg-vert-dark-gradient pt-2 md:pl-2 md:w-[calc(100%-.5rem)]\">\n<form class=\"stretch mx-2 flex flex-row gap-3 last:mb-2 md:mx-4 md:last:mb-6 lg:mx-auto lg:max-w-2xl xl:max-w-3xl\">\n<div class=\"relative flex h-full flex-1 items-stretch md:flex-col\" role=\"presentation\">\n<div class=\"\">\n<div class=\"h-full flex ml-1 md:w-full md:m-auto md:mb-2 gap-0 md:gap-2 justify-center\"><strong style=\"color: #555555; font-size: 14.4px;\">\u00bfQu\u00e9 es el mindfulness?<\/strong><\/div>\n<\/div>\n<\/div>\n<\/form>\n<\/div>\n<p>El mindfulness es una pr\u00e1ctica milenaria proveniente de la tradici\u00f3n budista, que se ha adaptado y aplicado en contextos contempor\u00e1neos, incluyendo el \u00e1mbito empresarial. Consiste en prestar atenci\u00f3n plena al momento presente, sin juzgar ni reaccionar de manera autom\u00e1tica a las experiencias internas o externas. A trav\u00e9s de t\u00e9cnicas de meditaci\u00f3n y atenci\u00f3n consciente, los practicantes de mindfulness aprenden a cultivar la calma mental, la claridad y la compasi\u00f3n hacia s\u00ed mismos y hacia los dem\u00e1s.<\/p>\n<p><strong>Beneficios del mindfulness en las empresas: <\/strong><\/p>\n<div class=\"flex-1 overflow-hidden\">\n<div class=\"react-scroll-to-bottom--css-kiwou-79elbk h-full dark:bg-gray-800\">\n<div class=\"react-scroll-to-bottom--css-kiwou-1n7m0yu\">\n<div class=\"flex flex-col text-sm dark:bg-gray-800\">\n<div class=\"group w-full text-gray-800 dark:text-gray-100 border-b border-black\/10 dark:border-gray-900\/50 bg-gray-50 dark:bg-[#444654]\">\n<div class=\"flex p-4 gap-4 text-base md:gap-6 md:max-w-2xl lg:max-w-[38rem] xl:max-w-3xl md:py-6 lg:px-0 m-auto\">\n<div class=\"relative flex w-[calc(100%-50px)] flex-col gap-1 md:gap-3 lg:w-[calc(100%-115px)]\">\n<div class=\"flex flex-grow flex-col gap-3\">\n<div class=\"min-h-[20px] flex items-start overflow-x-auto whitespace-pre-wrap break-words flex-col gap-4\">\n<div class=\"markdown prose w-full break-words dark:prose-invert light\">\n<p>La implementaci\u00f3n del mindfulness en las empresas ha demostrado una serie de beneficios significativos para los empleados y la organizaci\u00f3n en general.<\/p>\n<p>Algunos de estos beneficios incluyen:<\/p>\n<ol>\n<li>Reducci\u00f3n del estr\u00e9s: La pr\u00e1ctica regular de mindfulness ha demostrado disminuir los niveles de estr\u00e9s y ansiedad, permitiendo a los empleados afrontar de manera m\u00e1s efectiva las presiones laborales y mantener un equilibrio emocional.<\/li>\n<li>Mejora de la concentraci\u00f3n y la toma de decisiones: El mindfulness fortalece la capacidad de atenci\u00f3n y concentraci\u00f3n, lo cual resulta beneficioso para la productividad y la capacidad de tomar decisiones informadas y reflexivas.<\/li>\n<li>Incremento de la resiliencia: Los empleados que practican mindfulness desarrollan una mayor resiliencia emocional, lo que les permite hacer frente de manera m\u00e1s efectiva a los desaf\u00edos y adversidades que puedan surgir en el entorno laboral.<\/li>\n<li>Fomento de la creatividad y la innovaci\u00f3n: La pr\u00e1ctica de mindfulness promueve una mente abierta y receptiva, lo que estimula la creatividad y la generaci\u00f3n de ideas innovadoras dentro de la empresa.<\/li>\n<\/ol>\n<div class=\"flex-1 overflow-hidden\">\n<div class=\"react-scroll-to-bottom--css-lqpba-79elbk h-full dark:bg-gray-800\">\n<div class=\"react-scroll-to-bottom--css-lqpba-1n7m0yu\">\n<div class=\"flex flex-col text-sm dark:bg-gray-800\">\n<div class=\"group w-full text-gray-800 dark:text-gray-100 border-b border-black\/10 dark:border-gray-900\/50 bg-gray-50 dark:bg-[#444654]\">\n<div class=\"flex p-4 gap-4 text-base md:gap-6 md:max-w-2xl lg:max-w-[38rem] xl:max-w-3xl md:py-6 lg:px-0 m-auto\">\n<div class=\"relative flex w-[calc(100%-50px)] flex-col gap-1 md:gap-3 lg:w-[calc(100%-115px)]\">\n<div class=\"flex flex-grow flex-col gap-3\">\n<div class=\"min-h-[20px] flex items-start overflow-x-auto whitespace-pre-wrap break-words flex-col gap-4\">\n<div class=\"markdown prose w-full break-words dark:prose-invert light\">\n<p><strong>Implantar mindfulness en una organizaci\u00f3n<\/strong> implica introducir y pr\u00e1cticas de atenci\u00f3n plena en el entorno de trabajo para promover el bienestar y la eficacia de los empleados.<\/p>\n<p>Aqu\u00ed te dejo algunos <strong>pasos que puedes seguir para implementar mindfulness en tu organizaci\u00f3n:<\/strong><\/p>\n<ol>\n<li><strong>Obtener el apoyo de la alta direcci\u00f3n:<\/strong> Es fundamental contar con el respaldo de los l\u00edderes de la organizaci\u00f3n. Explicar los beneficios de mindfulness y c\u00f3mo puede impactar positivamente en la productividad, la salud mental y el clima laboral.<\/li>\n<li><strong>Educar sobre mindfulness:<\/strong> Organizar talleres, seminarios o charlas para informar a los empleados sobre los conceptos b\u00e1sicos de mindfulness y c\u00f3mo pueden aplicarlos en su vida diaria y en el trabajo. Puedes invitar a expertos en mindfulness o contratar a un instructor de mindfulness para que facilite estas sesiones.<\/li>\n<li><strong>Crea un espacio de pr\u00e1ctica:<\/strong> Designa un espacio tranquilo en la organizaci\u00f3n donde los empleados puedan practicar mindfulness. Puede ser una sala de meditaci\u00f3n o simplemente un \u00e1rea silenciosa donde pueden retirarse para realizar ejercicios de respiraci\u00f3n y meditaci\u00f3n.<\/li>\n<li><strong>Integra mindfulness en las pol\u00edticas y de la organizaci\u00f3n:<\/strong> Incorpora principios de mindfulness en las pol\u00edticas y pr\u00e1cticas de recursos humanos. Por ejemplo, fomento horarios de trabajo flexibles para permitir a los empleados tener tiempo para practicar mindfulness, incluye pausas breves para la meditaci\u00f3n durante las reuniones o promueve pol\u00edticas de conciliaci\u00f3n laboral que respalden el bienestar de los empleados.<\/li>\n<li><strong>Ofrece programas de entrenamiento:<\/strong> Proporciona programas de entrenamiento en mindfulness para aquellos empleados interesados \u200b\u200ben profundizar en la pr\u00e1ctica. Puede ofrecer cursos internos o brindar apoyo para que los empleados asistan a programas externos de mindfulness.<\/li>\n<li><strong>Promueve una cultura de atenci\u00f3n plena:<\/strong> Fomenta la pr\u00e1ctica de mindfulness en el d\u00eda a d\u00eda de la organizaci\u00f3n. Anima a los empleados a tomarse tiempo para reflexionar y ser conscientes en sus actividades diarias. Puedes iniciar reuniones con ejercicios breves de respiraci\u00f3n o animar a los empleados a tomar pausas regulares para recargar energ\u00edas y utilizar.<\/li>\n<li><strong>Eval\u00faa el impacto:<\/strong> Mide el impacto de la implementaci\u00f3n de mindfulness en tu organizaci\u00f3n a trav\u00e9s de encuestas, comentarios de los empleados y m\u00e9tricas de desempe\u00f1o. Esto te ayudar\u00e1 a evaluar los beneficios y ajustar las estrategias en consecuencia.<\/li>\n<\/ol>\n<p>Recuerda que la implementaci\u00f3n de mindfulness en una organizaci\u00f3n requiere tiempo, esfuerzo y continuidad. Es importante cultivar un ambiente de apoyo y practicar lo que se promueve. Con el tiempo, la pr\u00e1ctica de mindfulness puede ayudar a mejorar el bienestar general y el rendimiento de los empleados.<\/p>\n<div class=\"flex-1 overflow-hidden\">\n<div class=\"react-scroll-to-bottom--css-kiwou-79elbk h-full dark:bg-gray-800\">\n<div class=\"react-scroll-to-bottom--css-kiwou-1n7m0yu\">\n<div class=\"flex flex-col text-sm dark:bg-gray-800\">\n<div class=\"group w-full text-gray-800 dark:text-gray-100 border-b border-black\/10 dark:border-gray-900\/50 bg-gray-50 dark:bg-[#444654]\">\n<div class=\"flex p-4 gap-4 text-base md:gap-6 md:max-w-2xl lg:max-w-[38rem] xl:max-w-3xl md:py-6 lg:px-0 m-auto\">\n<div class=\"relative flex w-[calc(100%-50px)] flex-col gap-1 md:gap-3 lg:w-[calc(100%-115px)]\">\n<div class=\"flex flex-grow flex-col gap-3\">\n<div class=\"min-h-[20px] flex items-start overflow-x-auto whitespace-pre-wrap break-words flex-col gap-4\">\n<div class=\"markdown prose w-full break-words dark:prose-invert light\">\n<div class=\"flex-1 overflow-hidden\">\n<div class=\"react-scroll-to-bottom--css-lqpba-79elbk h-full dark:bg-gray-800\">\n<div><\/div>\n<div><\/div>\n<div class=\"react-scroll-to-bottom--css-lqpba-1n7m0yu\"><strong><span style=\"color: #555555; font-size: 14.4px;\">Esther Fern\u00e1ndez<\/span><\/strong><\/div>\n<\/div>\n<\/div>\n<\/div>\n<\/div>\n<\/div>\n<p>Consultora, Coach y Formadora<\/p>\n<p>Experta en Mindfulness estr\u00e9s, Creatividad y Liderazgo<\/p>\n<\/div>\n<\/div>\n<\/div>\n<\/div>\n<\/div>\n<\/div>\n<\/div>\n<\/div>\n<\/div>\n<\/div>\n<\/div>\n<\/div>\n<\/div>\n<\/div>\n<\/div>\n<\/div>\n<div><\/div>\n<\/div>\n<\/div>\n<\/div>\n<\/div>\n<\/div>\n<\/div>\n<\/div>\n<\/div>\n<\/div>\n<\/div>\n<\/div>\n","protected":false},"excerpt":{"rendered":"<p>El estr\u00e9s es un fen\u00f3meno com\u00fan en la vida contempor\u00e1nea y afecta a personas de todas las edades y ocupaciones. En el contexto de las organizaciones, el estr\u00e9s puede tener&#8230;<\/p>","protected":false},"author":2,"featured_media":922,"comment_status":"open","ping_status":"open","sticky":false,"template":"","format":"standard","meta":{"footnotes":""},"categories":[38,3],"tags":[4,74,61,93,7,8,42,44,14],"class_list":{"0":"post-923","1":"post","2":"type-post","3":"status-publish","4":"format-standard","5":"has-post-thumbnail","7":"category-coaching","8":"category-mindfulness","9":"tag-atencion-plena","10":"tag-coach-experta-en-mindfulness","11":"tag-coaching-empresarial","12":"tag-coachingmindfulness","13":"tag-estres","14":"tag-mbsr","15":"tag-mindfulness-en-el-trabajo","16":"tag-mindfulness-organizaciones","17":"tag-pausa-mindfulness"},"_links":{"self":[{"href":"https:\/\/estherfdez.es\/en\/wp-json\/wp\/v2\/posts\/923","targetHints":{"allow":["GET"]}}],"collection":[{"href":"https:\/\/estherfdez.es\/en\/wp-json\/wp\/v2\/posts"}],"about":[{"href":"https:\/\/estherfdez.es\/en\/wp-json\/wp\/v2\/types\/post"}],"author":[{"embeddable":true,"href":"https:\/\/estherfdez.es\/en\/wp-json\/wp\/v2\/users\/2"}],"replies":[{"embeddable":true,"href":"https:\/\/estherfdez.es\/en\/wp-json\/wp\/v2\/comments?post=923"}],"version-history":[{"count":0,"href":"https:\/\/estherfdez.es\/en\/wp-json\/wp\/v2\/posts\/923\/revisions"}],"wp:featuredmedia":[{"embeddable":true,"href":"https:\/\/estherfdez.es\/en\/wp-json\/"}],"wp:attachment":[{"href":"https:\/\/estherfdez.es\/en\/wp-json\/wp\/v2\/media?parent=923"}],"wp:term":[{"taxonomy":"category","embeddable":true,"href":"https:\/\/estherfdez.es\/en\/wp-json\/wp\/v2\/categories?post=923"},{"taxonomy":"post_tag","embeddable":true,"href":"https:\/\/estherfdez.es\/en\/wp-json\/wp\/v2\/tags?post=923"}],"curies":[{"name":"wp","href":"https:\/\/api.w.org\/{rel}","templated":true}]}}