{"id":601,"date":"2022-09-14T09:47:48","date_gmt":"2022-09-14T09:47:48","guid":{"rendered":"https:\/\/estherfdez.es\/?p=601"},"modified":"2022-09-14T09:47:48","modified_gmt":"2022-09-14T09:47:48","slug":"necesitamos-lideres-conscientes","status":"publish","type":"post","link":"https:\/\/estherfdez.es\/en\/necesitamos-lideres-conscientes\/","title":{"rendered":"Necesitamos l\u00edderes conscientes"},"content":{"rendered":"<p class=\"MsoNormal\" style=\"margin: 0cm; font-size: 12pt; font-family: Calibri, sans-serif; color: #000000;\"><b><span style=\"font-size: 13.5pt; font-family: 'Source Sans Pro', sans-serif; color: #524d66; border: 1pt solid #e5e7eb; padding: 0cm;\">La falta de atenci\u00f3n, enfoque \u00a0<\/span><\/b><span style=\"font-size: 13.5pt; font-family: 'Source Sans Pro', sans-serif; color: #524d66;\">es un problema com\u00fan de muchos l\u00edderes y aunque no es algo nuevo, el ritmo m\u00e1s \u00a0acelerado de cambio al que estamos expuestos lo ha convertido en un gran reto que es clave superar si se quiere ejercer con \u00e9xito el liderazgo.<\/span><\/p>\n<p class=\"MsoNormal\" style=\"margin: 0cm; font-size: 12pt; font-family: Calibri, sans-serif; color: #000000;\"><span style=\"font-size: 13.5pt; font-family: 'Source Sans Pro', sans-serif; color: #524d66;\">\u00a0<\/span><\/p>\n<p class=\"MsoNormal\" style=\"margin: 0cm; font-size: 12pt; font-family: Calibri, sans-serif; color: #000000;\"><span style=\"font-size: 13.5pt; font-family: 'Source Sans Pro', sans-serif; color: #524d66;\">Nuestras organizaciones est\u00e1n sometidas a nuevos y complejos retos\u00a0 y estamos conectados las veinticuatro horas del d\u00eda los siete d\u00edas de la semana a tecnolog\u00eda que nos provoca una sobrecarga de informaci\u00f3n generadora de ansiedad, y una sensaci\u00f3n de desconexi\u00f3n que puede desbordarnos y aislarnos.<\/span><\/p>\n<p class=\"MsoNormal\" style=\"margin: 0cm; font-size: 12pt; font-family: Calibri, sans-serif; color: #000000;\"><span style=\"font-size: 13.5pt; font-family: 'Source Sans Pro', sans-serif; color: #524d66;\">\u00a0<\/span><span style=\"font-size: 13.5pt; font-family: 'Source Sans Pro', sans-serif; color: #524d66;\">\u00a0<\/span><\/p>\n<p class=\"MsoNormal\" style=\"margin: 0cm; font-size: 12pt; font-family: Calibri, sans-serif; color: #000000;\"><b><span style=\"font-size: 13.5pt; font-family: 'Source Sans Pro', sans-serif; color: #524d66;\">\u00bfQu\u00e9 es mindfulness?<\/span><\/b><\/p>\n<p class=\"MsoNormal\" style=\"margin: 0cm; font-size: 12pt; font-family: Calibri, sans-serif; color: #000000;\"><span style=\"font-size: 13.5pt; font-family: 'Source Sans Pro', sans-serif; color: #524d66;\">\u00a0<\/span><\/p>\n<p class=\"MsoNormal\" style=\"margin: 0cm; font-size: 12pt; font-family: Calibri, sans-serif; color: #000000;\"><span style=\"font-size: 13.5pt; font-family: 'Source Sans Pro', sans-serif; color: #524d66;\">Mindfulness, tambi\u00e9n conocido como atenci\u00f3n plena o conciencia plena, es una actitud de prestar atenci\u00f3n a los acontecimientos de la vida en el momento presente con aceptaci\u00f3n e inter\u00e9s en lo que est\u00e1 sucediendo.<\/span><\/p>\n<p class=\"MsoNormal\" style=\"margin: 0cm; font-size: 12pt; font-family: Calibri, sans-serif; color: #000000;\"><span style=\"font-size: 13.5pt; font-family: 'Source Sans Pro', sans-serif; color: #524d66;\">\u00a0<\/span><\/p>\n<p class=\"MsoNormal\" style=\"margin: 0cm; font-size: 12pt; font-family: Calibri, sans-serif; color: #000000;\"><span style=\"font-size: 13.5pt; font-family: 'Source Sans Pro', sans-serif; color: #524d66;\">Si aspiramos a liderar a otros, es esencial primero liderarnos\u00a0 y en ello mindfulness o atenci\u00f3n plena juega un papel importante.<\/span><\/p>\n<p class=\"MsoNormal\" style=\"margin: 0cm; font-size: 12pt; font-family: Calibri, sans-serif; color: #000000;\"><span style=\"font-size: 13.5pt; font-family: 'Source Sans Pro', sans-serif; color: #524d66;\">\u00a0<\/span><\/p>\n<p class=\"MsoNormal\" style=\"margin: 0cm; font-size: 12pt; font-family: Calibri, sans-serif; color: #000000;\"><b><span style=\"font-size: 13.5pt; font-family: 'Source Sans Pro', sans-serif; color: #524d66;\">Pero, \u00bfqu\u00e9 es un l\u00edder consciente?<\/span><\/b><\/p>\n<p class=\"MsoNormal\" style=\"margin: 0cm; font-size: 12pt; font-family: Calibri, sans-serif; color: #000000;\"><span style=\"font-size: 13.5pt; font-family: 'Source Sans Pro', sans-serif; color: #524d66;\">\u00a0<\/span><\/p>\n<blockquote>\n<p class=\"MsoNormal\" style=\"margin: 0cm; font-size: 12pt; font-family: Calibri, sans-serif; color: #000000;\"><span style=\"font-size: 13.5pt; font-family: 'Source Sans Pro', sans-serif; color: #524d66;\">Como dice Marturano, Janice en Mindfulness en liderazgo:<\/span><\/p>\n<p class=\"MsoNormal\" style=\"margin: 0cm; font-size: 12pt; font-family: Calibri, sans-serif; color: #000000;\"><span style=\"font-size: 13.5pt; font-family: 'Source Sans Pro', sans-serif; color: #524d66;\">El l\u00edder consciente encarna la presencia en el liderazgo cultivando el enfoque, la claridad, la creatividad y la compasi\u00f3n hacia los dem\u00e1s.<\/span><\/p>\n<\/blockquote>\n<p class=\"MsoNormal\" style=\"margin: 0cm; font-size: 12pt; font-family: Calibri, sans-serif; color: #000000;\"><b><span style=\"font-size: 13.5pt; font-family: 'Source Sans Pro', sans-serif; color: #524d66;\">\u00a0<\/span><\/b><\/p>\n<p class=\"MsoNormal\" style=\"margin: 0cm; font-size: 12pt; font-family: Calibri, sans-serif; color: #000000;\"><span style=\"font-size: 13.5pt; font-family: 'Source Sans Pro', sans-serif; color: #524d66;\">Y est\u00e1 demostrado que todas estas cualidades se mejoran con la pr\u00e1ctica de mindfulness.<\/span><\/p>\n<p class=\"MsoNormal\" style=\"margin: 0cm; font-size: 12pt; font-family: Calibri, sans-serif; color: #000000;\"><span style=\"font-size: 13.5pt; font-family: 'Source Sans Pro', sans-serif; color: #524d66;\">\u00a0<\/span><\/p>\n<p class=\"MsoNormal\" style=\"margin: 0cm; font-size: 12pt; font-family: Calibri, sans-serif; color: #000000;\"><span style=\"font-size: 13.5pt; font-family: 'Source Sans Pro', sans-serif; color: #524d66;\">Necesitamos l\u00edderes conscientes,<\/span><span style=\"font-size: 13.5pt; font-family: 'Source Sans Pro', sans-serif; color: #524d66;\"> capaces de motivar, inspirar , integrar y alinear a todo el equipo hacia un objetivo compartido. L\u00edderes resilientes y capaces de gestionar la adversidad, que se vence sabiendo poner el foco en lo que se tiene y se puede hacer y cultivar la atenci\u00f3n plena es indispensable para ello.<\/span><\/p>\n<p class=\"MsoNormal\" style=\"margin: 0cm; font-size: 12pt; font-family: Calibri, sans-serif; color: #000000;\"><span style=\"font-size: 13.5pt; font-family: 'Source Sans Pro', sans-serif; color: #524d66;\">\u00a0<\/span><\/p>\n<p class=\"MsoNormal\" style=\"margin: 0cm; font-size: 12pt; font-family: Calibri, sans-serif; color: #000000;\"><span style=\"font-size: 13.5pt; font-family: 'Source Sans Pro', sans-serif; color: #524d66;\">Para comprender que es un l\u00edder consciente, podemos aludir a algunas ventajas que aporta el estar atentos:<\/span><\/p>\n<p class=\"MsoNormal\" style=\"margin: 0cm; font-size: 12pt; font-family: Calibri, sans-serif; color: #000000;\"><span style=\"font-size: 13.5pt; font-family: 'Source Sans Pro', sans-serif; color: #524d66;\">\u00a0<\/span><\/p>\n<p class=\"MsoListParagraphCxSpFirst\" style=\"margin: 0cm 0cm 0cm 36pt; font-size: 12pt; font-family: Calibri, sans-serif; color: #000000; text-indent: -18pt;\"><span style=\"font-size: 13.5pt; font-family: Symbol; color: #524d66;\">\u00b7<span style=\"font-variant-numeric: normal; font-variant-east-asian: normal; font-stretch: normal; font-size: 7pt; line-height: normal; font-family: 'Times New Roman';\">\u00a0\u00a0\u00a0\u00a0\u00a0 <\/span><\/span><span style=\"font-size: 13.5pt; font-family: 'Source Sans Pro', sans-serif; color: #524d66;\">Mejora la escucha activa<\/span><\/p>\n<p class=\"MsoListParagraphCxSpMiddle\" style=\"margin: 0cm 0cm 0cm 36pt; font-size: 12pt; font-family: Calibri, sans-serif; color: #000000; text-indent: -18pt;\"><span style=\"font-size: 13.5pt; font-family: Symbol; color: #524d66;\">\u00b7<span style=\"font-variant-numeric: normal; font-variant-east-asian: normal; font-stretch: normal; font-size: 7pt; line-height: normal; font-family: 'Times New Roman';\">\u00a0\u00a0\u00a0\u00a0\u00a0 <\/span><\/span><span style=\"font-size: 13.5pt; font-family: 'Source Sans Pro', sans-serif; color: #524d66;\">M\u00e1s serenidad y mejor gesti\u00f3n de estr\u00e9s<\/span><\/p>\n<p class=\"MsoListParagraphCxSpMiddle\" style=\"margin: 0cm 0cm 0cm 36pt; font-size: 12pt; font-family: Calibri, sans-serif; color: #000000; text-indent: -18pt;\"><span style=\"font-size: 13.5pt; font-family: Symbol; color: #524d66;\">\u00b7<span style=\"font-variant-numeric: normal; font-variant-east-asian: normal; font-stretch: normal; font-size: 7pt; line-height: normal; font-family: 'Times New Roman';\">\u00a0\u00a0\u00a0\u00a0\u00a0 <\/span><\/span><span style=\"font-size: 13.5pt; font-family: 'Source Sans Pro', sans-serif; color: #524d66;\">Mejora capacidad para gestionar los cambios e incertidumbre<\/span><\/p>\n<p class=\"MsoListParagraphCxSpMiddle\" style=\"margin: 0cm 0cm 0cm 36pt; font-size: 12pt; font-family: Calibri, sans-serif; color: #000000; text-indent: -18pt;\"><span style=\"font-size: 13.5pt; font-family: Symbol; color: #524d66;\">\u00b7<span style=\"font-variant-numeric: normal; font-variant-east-asian: normal; font-stretch: normal; font-size: 7pt; line-height: normal; font-family: 'Times New Roman';\">\u00a0\u00a0\u00a0\u00a0\u00a0 <\/span><\/span><span style=\"font-size: 13.5pt; font-family: 'Source Sans Pro', sans-serif; color: #524d66;\">M\u00e1s calma para tomar de decisiones<\/span><\/p>\n<p class=\"MsoListParagraphCxSpLast\" style=\"margin: 0cm 0cm 0cm 36pt; font-size: 12pt; font-family: Calibri, sans-serif; color: #000000; text-indent: -18pt;\"><span style=\"font-size: 13.5pt; font-family: Symbol; color: #524d66;\">\u00b7<span style=\"font-variant-numeric: normal; font-variant-east-asian: normal; font-stretch: normal; font-size: 7pt; line-height: normal; font-family: 'Times New Roman';\">\u00a0\u00a0\u00a0\u00a0\u00a0 <\/span><\/span><span style=\"font-size: 13.5pt; font-family: 'Source Sans Pro', sans-serif; color: #524d66;\">Mejora la regulaci\u00f3n emocional<\/span><\/p>\n<p class=\"MsoNormal\" style=\"margin: 0cm; font-size: 12pt; font-family: Calibri, sans-serif; color: #000000;\"><span style=\"font-size: 13.5pt; font-family: 'Source Sans Pro', sans-serif; color: #524d66;\">\u00a0<\/span><\/p>\n<p class=\"MsoNormal\" style=\"margin: 0cm; font-size: 12pt; font-family: Calibri, sans-serif; color: #000000;\"><span style=\"font-size: 13.5pt; font-family: 'Source Sans Pro', sans-serif; color: #524d66;\">Necesitamos l\u00edderes conscientes para gestionar con e\u0301xito equipos y organizaciones en escenarios que vari\u0301an ra\u0301pidamente como una pandemia, un marco poli\u0301tico inestable, la acelerada digitalizacio\u0301n de las compan\u0303i\u0301as&#8230; Y la buena noticia es que esta capacidad de estar presentes y encarnar una presencia en el liderazgo tan necesaria se puede entrenar.<\/span><\/p>\n<p class=\"MsoNormal\" style=\"margin: 0cm; font-size: 12pt; font-family: Calibri, sans-serif; color: #000000;\"><span style=\"font-size: 13.5pt; font-family: 'Source Sans Pro', sans-serif; color: #524d66;\">\u00a0<\/span><\/p>\n<p class=\"MsoNormal\" style=\"margin: 0cm; font-size: 12pt; font-family: Calibri, sans-serif; color: #000000;\"><span style=\"font-size: 13.5pt; font-family: 'Source Sans Pro', sans-serif; color: #524d66;\">Esther Fern\u00e1ndez<\/span><\/p>\n<p class=\"MsoNormal\" style=\"margin: 0cm; font-size: 12pt; font-family: Calibri, sans-serif; color: #000000;\"><span style=\"font-size: 13.5pt; font-family: 'Source Sans Pro', sans-serif; color: #524d66;\">Consultora-Coach de negocios<\/span><\/p>\n<p class=\"MsoNormal\" style=\"margin: 0cm; font-size: 12pt; font-family: Calibri, sans-serif; color: #000000;\"><span style=\"font-size: 13.5pt; font-family: 'Source Sans Pro', sans-serif; color: #524d66;\">Experta en Mindfulness para el liderazgo y estr\u00e9s<\/span><\/p>\n<p class=\"MsoNormal\" style=\"margin: 0cm; font-size: 12pt; font-family: Calibri, sans-serif; color: #000000;\"><span style=\"font-size: 13.5pt; font-family: 'Source Sans Pro', sans-serif; color: #524d66;\">\u00a0<\/span><\/p>\n<p class=\"MsoNormal\" style=\"margin: 0cm; font-size: 12pt; font-family: Calibri, sans-serif; color: #000000;\"><span style=\"font-size: 13.5pt; font-family: 'Source Sans Pro', sans-serif; color: #524d66;\">\u00a0<\/span><\/p>","protected":false},"excerpt":{"rendered":"<p>La falta de atenci\u00f3n, enfoque \u00a0es un problema com\u00fan de muchos l\u00edderes y aunque no es algo nuevo, el ritmo m\u00e1s \u00a0acelerado de cambio al que estamos expuestos lo ha&#8230;<\/p>","protected":false},"author":2,"featured_media":603,"comment_status":"open","ping_status":"open","sticky":false,"template":"","format":"standard","meta":{"footnotes":""},"categories":[38,3],"tags":[12,6,7,24,39,17,9,42,43,44,45,92,14,31],"class_list":{"0":"post-601","1":"post","2":"type-post","3":"status-publish","4":"format-standard","5":"has-post-thumbnail","7":"category-coaching","8":"category-mindfulness","9":"tag-creatividad","10":"tag-cursos-mindfulness-empresas","11":"tag-estres","12":"tag-innovacion","13":"tag-inteligencia-emocional","14":"tag-liderazgo","15":"tag-mindfulness","16":"tag-mindfulness-en-el-trabajo","17":"tag-mindfulness-esther-fernandez","18":"tag-mindfulness-organizaciones","19":"tag-mindfulness-valencia","20":"tag-mindfulnessvalencia","21":"tag-pausa-mindfulness","22":"tag-resiliencia"},"_links":{"self":[{"href":"https:\/\/estherfdez.es\/en\/wp-json\/wp\/v2\/posts\/601","targetHints":{"allow":["GET"]}}],"collection":[{"href":"https:\/\/estherfdez.es\/en\/wp-json\/wp\/v2\/posts"}],"about":[{"href":"https:\/\/estherfdez.es\/en\/wp-json\/wp\/v2\/types\/post"}],"author":[{"embeddable":true,"href":"https:\/\/estherfdez.es\/en\/wp-json\/wp\/v2\/users\/2"}],"replies":[{"embeddable":true,"href":"https:\/\/estherfdez.es\/en\/wp-json\/wp\/v2\/comments?post=601"}],"version-history":[{"count":0,"href":"https:\/\/estherfdez.es\/en\/wp-json\/wp\/v2\/posts\/601\/revisions"}],"wp:featuredmedia":[{"embeddable":true,"href":"https:\/\/estherfdez.es\/en\/wp-json\/"}],"wp:attachment":[{"href":"https:\/\/estherfdez.es\/en\/wp-json\/wp\/v2\/media?parent=601"}],"wp:term":[{"taxonomy":"category","embeddable":true,"href":"https:\/\/estherfdez.es\/en\/wp-json\/wp\/v2\/categories?post=601"},{"taxonomy":"post_tag","embeddable":true,"href":"https:\/\/estherfdez.es\/en\/wp-json\/wp\/v2\/tags?post=601"}],"curies":[{"name":"wp","href":"https:\/\/api.w.org\/{rel}","templated":true}]}}