{"id":338,"date":"2021-04-07T04:17:26","date_gmt":"2021-04-07T04:17:26","guid":{"rendered":"https:\/\/estherfdez.es\/?p=338"},"modified":"2021-04-07T04:17:26","modified_gmt":"2021-04-07T04:17:26","slug":"5-beneficios-del-mindfulness","status":"publish","type":"post","link":"https:\/\/estherfdez.es\/en\/5-beneficios-del-mindfulness\/","title":{"rendered":"5 beneficios del mindfulness"},"content":{"rendered":"<p>Vivimos en un mundo acelerado donde prima la inmediatez, las prisas \u2026 el estr\u00e9s. Nos falta tiempo. Nos quedamos atrapados en los h\u00e1bitos y en la reactividad que nos hacen estar distra\u00eddos, desconectados, estresados\u2026\u00a0 \u00bfEs posible tener m\u00e1s equilibrio y serenidad?<\/p>\n<p>Sin equilibrio, todo se tambalea, tanto a nivel personal como profesional y nos afecta a la salud.<\/p>\n<p>Actualmente existe la posibilidad de poner en marcha pr\u00e1cticas y herramientas que nos aportan un mayor bienestar personal y en el trabajo, una mayor calma y satisfacci\u00f3n e incluso una mayor productividad y creatividad y una mejora de las relaciones.<\/p>\n<p>Mindfulness (o Atenci\u00f3n Plena o Atenci\u00f3n Consciente) es prestar atenci\u00f3n a lo que surge en el momento presente, ser m\u00e1s consciente de ti mismo, de tu propia experiencia directa interna (pensamientos, emociones, sensaciones), del mundo que te rodea y de los dem\u00e1s.<\/p>\n<blockquote><p><em>\u201cAtenci\u00f3n plena significa prestar atenci\u00f3n de una manera determinada: de forma deliberada, en el momento presente y sin juzgar. \u201d(Kabat-Zinn, 2013) <\/em><\/p><\/blockquote>\n<h4><\/h4>\n<blockquote><p><em>El adiestramiento mental en mindfulness desarrolla la capacidad de centrarnos en forma ecu\u00e1nime y no reactiva, en el presente observando nuestra experiencia instante tras instante.\u201d (Goleman, 2013, Focus).<\/em><\/p>\n<p>&nbsp;<\/p><\/blockquote>\n<p style=\"color: #0000ff; border-color: currentcolor; font-size: 14.4px;\"><em><span style=\"font-size: 14.4px;\">Presenta los siguientes cinco beneficios, entre otros:<\/span><\/em><\/p>\n<ul>\n<li>Ayuda a gestionar el estr\u00e9s y la ansiedad<\/li>\n<li>Favorece la creatividad<\/li>\n<li>Desarrolla la inteligencia emocional<\/li>\n<li>Aumenta la concentraci\u00f3n<\/li>\n<li>Mejora la memoria<\/li>\n<\/ul>\n<p>A menudo se dice que los estados de ansiedad y depresi\u00f3n provienen de nuestras formas de pensar: si estamos ansiosos, estamos pasando demasiado tiempo pensando en el futuro y si estamos deprimidos, estamos rumiando con demasiada frecuencia sobre el pasado.<\/p>\n<p>Si analizas el tiempo que pasas a lo largo del d\u00eda en el pasado o el futuro puede sorprenderte. La atenci\u00f3n plena, b\u00e1sicamente, es la pr\u00e1ctica de estar completamente presente en cada momento con una actitud receptiva, curiosa y abierta hacia la experiencia que est\u00e1s teniendo. Contemplas cada momento como un nuevo comienzo, una nueva oportunidad.<\/p>\n<blockquote><p>\u201cSi quieres conocer el pasado, entonces mira tu presente que es el resultado. Si quieres conocer tu futuro mira tu presente que es la causa\u00bb Buda<\/p><\/blockquote>\n<p>&nbsp;<\/p>\n<p>Todos podemos regresar a un estado de\u00a0salud f\u00edsica y claridad mental\u00a0a trav\u00e9s de sencillas pr\u00e1cticas que avala la ciencia. Practicar la atenci\u00f3n plena es una puerta a nuevas formas de ser, a un aumento de la claridad y como hemos visto, y seguiremos desarrollando en este blog, a numerosos beneficios avalados por la ciencia.<\/p>\n<p>&nbsp;<\/p>\n<p>Esther Fern\u00e1ndez<\/p>\n<p>Profesora de Mindfulness<\/p>\n<p>&amp; consultora coach<\/p>","protected":false},"excerpt":{"rendered":"<p>Vivimos en un mundo acelerado donde prima la inmediatez, las prisas \u2026 el estr\u00e9s. Nos falta tiempo. Nos quedamos atrapados en los h\u00e1bitos y en la reactividad que nos hacen&#8230;<\/p>","protected":false},"author":1,"featured_media":339,"comment_status":"open","ping_status":"open","sticky":false,"template":"","format":"standard","meta":{"footnotes":""},"categories":[3],"tags":[5,6,7,39,9,42,45],"class_list":{"0":"post-338","1":"post","2":"type-post","3":"status-publish","4":"format-standard","5":"has-post-thumbnail","7":"category-mindfulness","8":"tag-coaching","9":"tag-cursos-mindfulness-empresas","10":"tag-estres","11":"tag-inteligencia-emocional","12":"tag-mindfulness","13":"tag-mindfulness-en-el-trabajo","14":"tag-mindfulness-valencia"},"_links":{"self":[{"href":"https:\/\/estherfdez.es\/en\/wp-json\/wp\/v2\/posts\/338","targetHints":{"allow":["GET"]}}],"collection":[{"href":"https:\/\/estherfdez.es\/en\/wp-json\/wp\/v2\/posts"}],"about":[{"href":"https:\/\/estherfdez.es\/en\/wp-json\/wp\/v2\/types\/post"}],"author":[{"embeddable":true,"href":"https:\/\/estherfdez.es\/en\/wp-json\/wp\/v2\/users\/1"}],"replies":[{"embeddable":true,"href":"https:\/\/estherfdez.es\/en\/wp-json\/wp\/v2\/comments?post=338"}],"version-history":[{"count":0,"href":"https:\/\/estherfdez.es\/en\/wp-json\/wp\/v2\/posts\/338\/revisions"}],"wp:featuredmedia":[{"embeddable":true,"href":"https:\/\/estherfdez.es\/en\/wp-json\/"}],"wp:attachment":[{"href":"https:\/\/estherfdez.es\/en\/wp-json\/wp\/v2\/media?parent=338"}],"wp:term":[{"taxonomy":"category","embeddable":true,"href":"https:\/\/estherfdez.es\/en\/wp-json\/wp\/v2\/categories?post=338"},{"taxonomy":"post_tag","embeddable":true,"href":"https:\/\/estherfdez.es\/en\/wp-json\/wp\/v2\/tags?post=338"}],"curies":[{"name":"wp","href":"https:\/\/api.w.org\/{rel}","templated":true}]}}