{"id":1782,"date":"2025-12-11T14:00:56","date_gmt":"2025-12-11T14:00:56","guid":{"rendered":"https:\/\/estherfdez.es\/?p=1782"},"modified":"2026-04-24T02:22:07","modified_gmt":"2026-04-24T02:22:07","slug":"energia-personal-en-accion-el-libro-que-transforma-tu-forma-de-ver-la-vida","status":"publish","type":"post","link":"https:\/\/estherfdez.es\/en\/energia-personal-en-accion-el-libro-que-transforma-tu-forma-de-ver-la-vida\/","title":{"rendered":"\u201cEnerg\u00eda Personal en Acci\u00f3n\u201d: el libro que transforma tu forma de ver la vida"},"content":{"rendered":"<h5 class=\"wp-block-heading\">Una gu\u00eda pr\u00e1ctica con 180 ejercicios para fortalecer tu energ\u00eda personal, tu claridad y tu bienestar<\/h5>\n\n\n\n<p>En un momento en el que el estr\u00e9s, la sobrecarga mental y la desconexi\u00f3n interna se han convertido en desaf\u00edos diarios, cada vez m\u00e1s personas buscan herramientas reales, accesibles y transformadoras para recuperar su bienestar. Con ese prop\u00f3sito nace <strong>\u201cEnerg\u00eda Personal en Acci\u00f3n\u201d<\/strong>, mi nuevo libro. <\/p>\n\n\n\n<p>Este libro es, ante todo, una invitaci\u00f3n. Una forma de mirar. Un camino para entender c\u00f3mo funciona tu energ\u00eda personal y c\u00f3mo influye en tu d\u00eda a d\u00eda m\u00e1s de lo que imaginas.<\/p>\n\n\n\n<h5 class=\"wp-block-heading\"><strong>\u00bfQu\u00e9 es la energ\u00eda personal y por qu\u00e9 es clave en tu vida?<\/strong><\/h5>\n\n\n\n<p>La energ\u00eda personal es la fuerza con la que atraviesas el mundo: tu capacidad mental, emocional, f\u00edsica y espiritual para responder a los retos, disfrutar de lo cotidiano y relacionarte con lo que te rodea. No es un concepto abstracto; es tu \u201cestado interno\u201d, eso que cambia tu forma de vivir incluso cuando las circunstancias son las mismas.<\/p>\n\n\n\n<p>En el libro expongo <strong>la mirada energ\u00e9tica<\/strong> que he desarrollado durante a\u00f1os de pr\u00e1ctica de mindfulness, liderazgo consciente y coaching ejecutivo. Una mirada que te ayuda a:<\/p>\n\n\n\n<ul class=\"wp-block-list\">\n<li>Detectar fugas de energ\u00eda y agotamiento.<\/li>\n\n\n\n<li>Elevar tu vitalidad de forma sostenible.<\/li>\n\n\n\n<li>Regular emociones intensas sin reprimirlas.<\/li>\n\n\n\n<li>Tomar decisiones desde la claridad y no desde el ruido mental.<\/li>\n\n\n\n<li>Reconectar con tu prop\u00f3sito y tu bienestar integral.<\/li>\n<\/ul>\n\n\n\n<h5 class=\"wp-block-heading\"><strong>30 maestros, 180 pr\u00e1cticas, una mirada transformadora<\/strong><\/h5>\n\n\n\n<p>\u201cEnerg\u00eda Personal en Acci\u00f3n\u201d re\u00fane las ense\u00f1anzas de <strong>30 maestros de distintas tradiciones<\/strong> \u2014mindfulness, liderazgo consciente, sabidur\u00eda energ\u00e9tica, cuerpo, respiraci\u00f3n, gesti\u00f3n emocional\u2014 sintetizadas en un formato claro, accesible y aplicable a la vida diaria.<\/p>\n\n\n\n<p>Incluye:<\/p>\n\n\n\n<ul class=\"wp-block-list\">\n<li><strong>180 pr\u00e1cticas reales<\/strong> para aumentar tu energ\u00eda personal.<\/li>\n\n\n\n<li>Ejercicios breves que puedes aplicar en menos de tres minutos.<\/li>\n\n\n\n<li>Microh\u00e1bitos para sostener tu bienestar incluso en momentos complejos.<\/li>\n<\/ul>\n\n\n\n<p>Es un libro para <strong>leer, subrayar y practicar<\/strong>, dise\u00f1ado para acompa\u00f1arte y no para quedarse en la teor\u00eda.<\/p>\n\n\n\n<h5 class=\"wp-block-heading\"><strong>Un enfoque integrador: mente, cuerpo, emoci\u00f3n y prop\u00f3sito<\/strong><\/h5>\n\n\n\n<p>La energ\u00eda personal no es solo mental. Es un sistema completo. Por eso el libro incorpora cuatro dimensiones:<\/p>\n\n\n\n<h5 class=\"wp-block-heading\"><strong>1. Energ\u00eda mental<\/strong><\/h5>\n\n\n\n<p>C\u00f3mo calmar el ruido, entrenar la claridad y reducir la reactividad.<\/p>\n\n\n\n<h5 class=\"wp-block-heading\"><strong>2. Energ\u00eda emocional<\/strong><\/h5>\n\n\n\n<p>C\u00f3mo regular emociones dif\u00edciles, cultivar la presencia y recuperar la paz interna.<\/p>\n\n\n\n<h5 class=\"wp-block-heading\"><strong>3. Energ\u00eda f\u00edsica<\/strong><\/h5>\n\n\n\n<p>Pr\u00e1cticas corporales, respiraci\u00f3n y ajustes sutiles que potencian tu vitalidad diaria.<\/p>\n\n\n\n<h5 class=\"wp-block-heading\"><strong>4. Energ\u00eda de prop\u00f3sito<\/strong><\/h5>\n\n\n\n<p>C\u00f3mo alinear tus acciones con lo que realmente importa para ti.<\/p>\n\n\n\n<p>La finalidad es darte herramientas que puedas usar cada d\u00eda sin depender de condiciones externas.<\/p>\n\n\n\n<h5 class=\"wp-block-heading\"><strong>\u00bfA qui\u00e9n va dirigido este libro?<\/strong><\/h5>\n\n\n\n<p>A cualquier persona que quiera mejorar su vida desde dentro. Pero especialmente:<\/p>\n\n\n\n<ul class=\"wp-block-list\">\n<li>A personas en procesos de cambio o transformaci\u00f3n.<\/li>\n\n\n\n<li>A quienes sienten cansancio emocional o mental.<\/li>\n\n\n\n<li>A quienes buscan claridad, foco y equilibrio.<\/li>\n\n\n\n<li>A profesionales que quieren mejorar su liderazgo energ\u00e9tico.<\/li>\n\n\n\n<li>A quienes desean vivir con m\u00e1s calma, conexi\u00f3n y prop\u00f3sito.<\/li>\n\n\n\n<li><strong>Por qu\u00e9 este libro es \u00fanico<\/strong><\/li>\n<\/ul>\n\n\n\n<h5 class=\"wp-block-heading\">Durante estos primeros d\u00edas de lanzamiento, el libro en versi\u00f3n digital est\u00e1 disponible a un precio especial por tiempo limitado.<\/h5>\n\n\n\n<p>Es una forma de agradecerte que acompa\u00f1es este camino y de hacer accesible la pr\u00e1ctica energ\u00e9tica a quien la necesite.<\/p>\n\n\n\n<h5 class=\"wp-block-heading\"><strong>Este libro nace de mi experiencia, de mi pr\u00e1ctica, de mi historia y de mi recorrido acompa\u00f1ando a personas en procesos de transformaci\u00f3n, liderazgo y bienestar.<\/strong><\/h5>\n\n\n\n<p><a href=\"https:\/\/www.amazon.es\/dp\/B0G62XPBVG?ref_=ast_author_mpb\" target=\"_blank\" rel=\"noopener\"><strong>Puedes conseguirlo ya en Amazon<\/strong> <\/a>simplemente escribiendo en el buscador:<br><\/p>\n\n\n\n<p>Si algo deseo que encuentres en sus p\u00e1ginas es esto:<\/p>\n\n\n\n<p>Un lugar donde escucharte.<br>Un espacio donde volver a ti.<br>Una mirada que te devuelva tu poder, tu energ\u00eda y tu luz.<\/p>\n\n\n\n<p>Gracias por estar aqu\u00ed. Gracias por leer. Gracias por ser parte de este camino.<\/p>","protected":false},"excerpt":{"rendered":"<p>Una gu\u00eda pr\u00e1ctica con 180 ejercicios para fortalecer tu energ\u00eda personal, tu claridad y tu bienestar En un momento en el que el estr\u00e9s, la sobrecarga mental y la desconexi\u00f3n&#8230;<\/p>","protected":false},"author":3,"featured_media":1777,"comment_status":"closed","ping_status":"closed","sticky":false,"template":"","format":"standard","meta":{"footnotes":""},"categories":[38,3],"tags":[4,5,6,231,244,39,123,9,268],"class_list":{"0":"post-1782","1":"post","2":"type-post","3":"status-publish","4":"format-standard","5":"has-post-thumbnail","7":"category-coaching","8":"category-mindfulness","9":"tag-atencion-plena","10":"tag-coaching","11":"tag-cursos-mindfulness-empresas","12":"tag-energia-personal","13":"tag-energiapersonalenaccion","14":"tag-inteligencia-emocional","15":"tag-liderazgo-consciente","16":"tag-mindfulness","17":"tag-productividad-personal-libros-esther-fernandez-rabanedo"},"_links":{"self":[{"href":"https:\/\/estherfdez.es\/en\/wp-json\/wp\/v2\/posts\/1782","targetHints":{"allow":["GET"]}}],"collection":[{"href":"https:\/\/estherfdez.es\/en\/wp-json\/wp\/v2\/posts"}],"about":[{"href":"https:\/\/estherfdez.es\/en\/wp-json\/wp\/v2\/types\/post"}],"author":[{"embeddable":true,"href":"https:\/\/estherfdez.es\/en\/wp-json\/wp\/v2\/users\/3"}],"replies":[{"embeddable":true,"href":"https:\/\/estherfdez.es\/en\/wp-json\/wp\/v2\/comments?post=1782"}],"version-history":[{"count":2,"href":"https:\/\/estherfdez.es\/en\/wp-json\/wp\/v2\/posts\/1782\/revisions"}],"predecessor-version":[{"id":1785,"href":"https:\/\/estherfdez.es\/en\/wp-json\/wp\/v2\/posts\/1782\/revisions\/1785"}],"wp:featuredmedia":[{"embeddable":true,"href":"https:\/\/estherfdez.es\/en\/wp-json\/wp\/v2\/media\/1777"}],"wp:attachment":[{"href":"https:\/\/estherfdez.es\/en\/wp-json\/wp\/v2\/media?parent=1782"}],"wp:term":[{"taxonomy":"category","embeddable":true,"href":"https:\/\/estherfdez.es\/en\/wp-json\/wp\/v2\/categories?post=1782"},{"taxonomy":"post_tag","embeddable":true,"href":"https:\/\/estherfdez.es\/en\/wp-json\/wp\/v2\/tags?post=1782"}],"curies":[{"name":"wp","href":"https:\/\/api.w.org\/{rel}","templated":true}]}}