{"id":1724,"date":"2025-09-10T19:05:13","date_gmt":"2025-09-10T19:05:13","guid":{"rendered":"https:\/\/estherfdez.es\/?p=1724"},"modified":"2026-04-24T02:23:18","modified_gmt":"2026-04-24T02:23:18","slug":"mindfulness-para-profesionales-tecnicas-efectivas-para-mejorar-rendimiento-y-liderazgo-consciente","status":"publish","type":"post","link":"https:\/\/estherfdez.es\/en\/mindfulness-para-profesionales-tecnicas-efectivas-para-mejorar-rendimiento-y-liderazgo-consciente\/","title":{"rendered":"Mindfulness para Profesionales: T\u00e9cnicas efectivas para mejorar rendimiento y liderazgo consciente"},"content":{"rendered":"<p>En el mundo laboral actual, caracterizado por la presi\u00f3n, la multitarea y los plazos exigentes, mantener la concentraci\u00f3n y la calma es esencial. Incorporar <strong>t\u00e9cnicas de mindfulness para profesionales<\/strong> ayuda a reducir el estr\u00e9s, potenciar la <strong>escucha activa<\/strong>, mejorar la productividad y desarrollar un <strong>liderazgo consciente<\/strong>. Este enfoque estrat\u00e9gico no solo transforma tu rendimiento individual, sino tambi\u00e9n la efectividad de tus equipos.<\/p>\n\n\n\n<h3 class=\"wp-block-heading\">1. Respiraci\u00f3n consciente para profesionales<\/h3>\n\n\n\n<p>La <strong>respiraci\u00f3n consciente<\/strong> es una de las t\u00e9cnicas de mindfulness m\u00e1s simples y efectivas para el entorno corporativo. Permite:<\/p>\n\n\n\n<ul class=\"wp-block-list\">\n<li>Reducir ansiedad y estr\u00e9s laboral.<\/li>\n\n\n\n<li>Mejorar la concentraci\u00f3n en tareas complejas.<\/li>\n\n\n\n<li>Recuperar la calma durante reuniones o situaciones de presi\u00f3n.<\/li>\n<\/ul>\n\n\n\n<p><strong>C\u00f3mo practicarlo:<\/strong> Inhala profundamente contando hasta cuatro, mant\u00e9n el aire dos segundos y exhala contando hasta seis. Repite cinco veces, enfoc\u00e1ndote solo en tu respiraci\u00f3n.<\/p>\n\n\n\n<h3 class=\"wp-block-heading\">2. Pausas conscientes: peque\u00f1os descansos, grandes resultados<\/h3>\n\n\n\n<p>Las <strong>pausas conscientes<\/strong> durante la jornada laboral ayudan a:<\/p>\n\n\n\n<ul class=\"wp-block-list\">\n<li>Reducir la fatiga mental y emocional.<\/li>\n\n\n\n<li>Mejorar la <strong>escucha activa<\/strong> con colegas y clientes.<\/li>\n\n\n\n<li>Potenciar la creatividad y la resoluci\u00f3n de problemas.<\/li>\n<\/ul>\n\n\n\n<p><strong>C\u00f3mo practicarlo:<\/strong> Cada 90 minutos, lev\u00e1ntate del escritorio, cierra los ojos y centra tu atenci\u00f3n en la respiraci\u00f3n durante uno o dos minutos. Observa c\u00f3mo se siente tu cuerpo y tu mente, sin juzgar ni analizar.<\/p>\n\n\n\n<h3 class=\"wp-block-heading\">3. Mindfulness en reuniones y comunicaci\u00f3n profesional<\/h3>\n\n\n\n<p>Aplicar <strong>mindfulness en reuniones y comunicaciones laborales<\/strong> favorece:<\/p>\n\n\n\n<ul class=\"wp-block-list\">\n<li>La toma de decisiones conscientes y efectivas.<\/li>\n\n\n\n<li>La gesti\u00f3n de conflictos con empat\u00eda.<\/li>\n\n\n\n<li>Relaciones laborales m\u00e1s s\u00f3lidas y colaborativas.<\/li>\n<\/ul>\n\n\n\n<p><strong>C\u00f3mo practicarlo:<\/strong> Antes de hablar, haz una pausa de tres segundos para inhalar y reflexionar. Escucha activamente sin preparar mentalmente tu respuesta.<\/p>\n\n\n\n<h3 class=\"wp-block-heading\">4. Visualizaci\u00f3n consciente para profesionales<\/h3>\n\n\n\n<p>La <strong>visualizaci\u00f3n consciente<\/strong> prepara la mente para presentaciones, negociaciones y decisiones estrat\u00e9gicas, aumentando la seguridad y claridad mental.<\/p>\n\n\n\n<p><strong>C\u00f3mo practicarlo:<\/strong> Dedica cinco minutos a imaginar un escenario laboral pr\u00f3ximo, visualizando c\u00f3mo quieres actuar, gestionar emociones y alcanzar objetivos.<\/p>\n\n\n\n<h3 class=\"wp-block-heading\">5. Integraci\u00f3n del mindfulness en la cultura corporativa<\/h3>\n\n\n\n<p>El <strong>mindfulness para profesionales<\/strong> tambi\u00e9n es un recurso estrat\u00e9gico para empresas. Fomentar la atenci\u00f3n plena en equipos:<\/p>\n\n\n\n<ul class=\"wp-block-list\">\n<li>Mejora la motivaci\u00f3n y cohesi\u00f3n del equipo.<\/li>\n\n\n\n<li>Reduce estr\u00e9s laboral y riesgo de burnout.<\/li>\n\n\n\n<li>Incrementa productividad, eficiencia y liderazgo consciente.<\/li>\n<\/ul>\n\n\n\n<h3 class=\"wp-block-heading\">Conclusi\u00f3n<\/h3>\n\n\n\n<p>El <strong>mindfulness para profesionales<\/strong> es m\u00e1s que una t\u00e9cnica de relajaci\u00f3n: es una estrategia de <strong>liderazgo consciente<\/strong> que mejora la concentraci\u00f3n, la <strong>escucha activa<\/strong>, la productividad y el bienestar general. Integrar estas pr\u00e1cticas en tu rutina diaria o en tu equipo de trabajo transforma resultados y cultura organizacional de manera sostenible.<\/p>\n\n\n\n<p>Si deseas implementar mindfulness en tu equipo o potenciar tu rendimiento individual, considera programas de <strong>coaching ejecutivo con mindfulness<\/strong>, dise\u00f1ados para profesionales que buscan liderar con claridad, calma y eficacia.<\/p>","protected":false},"excerpt":{"rendered":"<p>En el mundo laboral actual, caracterizado por la presi\u00f3n, la multitarea y los plazos exigentes, mantener la concentraci\u00f3n y la calma es esencial. Incorporar t\u00e9cnicas de mindfulness para profesionales ayuda&#8230;<\/p>","protected":false},"author":3,"featured_media":1384,"comment_status":"closed","ping_status":"closed","sticky":false,"template":"","format":"standard","meta":{"footnotes":""},"categories":[3,38],"tags":[74,93,6,7,17,195,219,242,270],"class_list":{"0":"post-1724","1":"post","2":"type-post","3":"status-publish","4":"format-standard","5":"has-post-thumbnail","7":"category-mindfulness","8":"category-coaching","9":"tag-coach-experta-en-mindfulness","10":"tag-coachingmindfulness","11":"tag-cursos-mindfulness-empresas","12":"tag-estres","13":"tag-liderazgo","14":"tag-mindfulness-directivos","15":"tag-reducir-estres-comercial","16":"tag-reducir-estres-laboral","17":"tag-tecnicas-de-mindfulness-coaching-ejecutivo-y-empresarial-en-valencia-liderazgo-consciente-valencia"},"_links":{"self":[{"href":"https:\/\/estherfdez.es\/en\/wp-json\/wp\/v2\/posts\/1724","targetHints":{"allow":["GET"]}}],"collection":[{"href":"https:\/\/estherfdez.es\/en\/wp-json\/wp\/v2\/posts"}],"about":[{"href":"https:\/\/estherfdez.es\/en\/wp-json\/wp\/v2\/types\/post"}],"author":[{"embeddable":true,"href":"https:\/\/estherfdez.es\/en\/wp-json\/wp\/v2\/users\/3"}],"replies":[{"embeddable":true,"href":"https:\/\/estherfdez.es\/en\/wp-json\/wp\/v2\/comments?post=1724"}],"version-history":[{"count":1,"href":"https:\/\/estherfdez.es\/en\/wp-json\/wp\/v2\/posts\/1724\/revisions"}],"predecessor-version":[{"id":1725,"href":"https:\/\/estherfdez.es\/en\/wp-json\/wp\/v2\/posts\/1724\/revisions\/1725"}],"wp:featuredmedia":[{"embeddable":true,"href":"https:\/\/estherfdez.es\/en\/wp-json\/wp\/v2\/media\/1384"}],"wp:attachment":[{"href":"https:\/\/estherfdez.es\/en\/wp-json\/wp\/v2\/media?parent=1724"}],"wp:term":[{"taxonomy":"category","embeddable":true,"href":"https:\/\/estherfdez.es\/en\/wp-json\/wp\/v2\/categories?post=1724"},{"taxonomy":"post_tag","embeddable":true,"href":"https:\/\/estherfdez.es\/en\/wp-json\/wp\/v2\/tags?post=1724"}],"curies":[{"name":"wp","href":"https:\/\/api.w.org\/{rel}","templated":true}]}}