{"id":1702,"date":"2025-07-01T14:58:08","date_gmt":"2025-07-01T14:58:08","guid":{"rendered":"https:\/\/estherfdez.es\/?p=1702"},"modified":"2026-04-24T02:25:32","modified_gmt":"2026-04-24T02:25:32","slug":"como-aprovechar-tus-fortalezas-para-liderar-con-energia-atencion-plena-y-bienestar","status":"publish","type":"post","link":"https:\/\/estherfdez.es\/en\/como-aprovechar-tus-fortalezas-para-liderar-con-energia-atencion-plena-y-bienestar\/","title":{"rendered":"C\u00f3mo aprovechar tus fortalezas para liderar con energ\u00eda, atenci\u00f3n plena y bienestar"},"content":{"rendered":"<p>En un entorno profesional cada vez m\u00e1s exigente, donde el estr\u00e9s y la sobrecarga mental son moneda com\u00fan, liderar con bienestar se ha convertido en una necesidad, no en un lujo.<\/p>\n\n\n\n<p>Pero \u00bfy si te dijera que <strong>no necesitas cambiar qui\u00e9n eres para liderar mejor<\/strong>, sino reconectar con lo que ya te hace fuerte?<\/p>\n\n\n\n<p>Inspirada en el enfoque de <strong>Tal Ben-Shahar y Angus Ridgway<\/strong> en <em>The Joy of Leadership<\/em>, y reforzado por mi propia experiencia con el m\u00e9todo <strong>Power Up Mindset<\/strong>, hoy quiero hablarte de una de las claves m\u00e1s poderosas (y olvidadas) del liderazgo consciente:<\/p>\n\n\n\n<p><br>\ud83d\udc49 <strong>Aprovechar tus fortalezas personales.<\/strong><\/p>\n\n\n\n<h3 class=\"wp-block-heading\">\u00bfQu\u00e9 son las fortalezas personales y por qu\u00e9 son clave en el liderazgo?<\/h3>\n\n\n\n<p>Las fortalezas personales son <strong>patrones de pensamiento, emoci\u00f3n y comportamiento que nos hacen \u00fanicos y nos impulsan cuando las activamos de forma intencionada<\/strong>.<\/p>\n\n\n\n<p>Cuando lideras desde tus fortalezas:<\/p>\n\n\n\n<ul class=\"wp-block-list\">\n<li>Te sientes con m\u00e1s energ\u00eda.<\/li>\n\n\n\n<li>Tomas decisiones con mayor claridad.<\/li>\n\n\n\n<li>Afrontas el estr\u00e9s con m\u00e1s resiliencia.<\/li>\n\n\n\n<li>Disfrutas de tu trabajo, sin desconectarte de ti.<\/li>\n<\/ul>\n\n\n\n<p>Esto no es solo una teor\u00eda bonita. Estudios en psicolog\u00eda positiva han demostrado que <strong>usar nuestras fortalezas con frecuencia eleva la motivaci\u00f3n, la confianza y el bienestar emocional<\/strong>.<\/p>\n\n\n\n<h3 class=\"wp-block-heading\">La conexi\u00f3n con Power Up Mindset: energ\u00eda + atenci\u00f3n plena<\/h3>\n\n\n\n<p>En el m\u00e9todo <strong>Power Up Mindset<\/strong>, aprender a identificar y activar tus fortalezas es uno de los pilares del proceso de transformaci\u00f3n. \u00bfPor qu\u00e9?<br>Porque <strong>cuando usas lo que te hace fuerte, tu energ\u00eda se multiplica<\/strong>. Y cuando tu energ\u00eda sube, tu atenci\u00f3n se vuelve m\u00e1s clara y tu estr\u00e9s disminuye.<\/p>\n\n\n\n<p>Al centrar tu atenci\u00f3n plena en aquello que te fortalece:<\/p>\n\n\n\n<p><br>\u2705 Reduces la fatiga mental.<br>\u2705 Te liberas del ruido interno.<br>\u2705 Conectas con un liderazgo m\u00e1s aut\u00e9ntico y humano.<\/p>\n\n\n\n<h3 class=\"wp-block-heading\">\ud83e\udde0 C\u00f3mo descubrir tus fortalezas en la pr\u00e1ctica<\/h3>\n\n\n\n<p>Aqu\u00ed tienes tres preguntas que puedes hacerte hoy para empezar:<\/p>\n\n\n\n<ol class=\"wp-block-list\">\n<li><strong>\u00bfQu\u00e9 actividad me da energ\u00eda incluso cuando estoy cansado\/a?<\/strong><\/li>\n\n\n\n<li><strong>\u00bfQu\u00e9 hago con naturalidad que otros reconocen en m\u00ed?<\/strong><\/li>\n\n\n\n<li><strong>\u00bfEn qu\u00e9 momentos siento que estoy en \u201cflow\u201d, que pierdo la noci\u00f3n del tiempo?<\/strong><\/li>\n<\/ol>\n\n\n\n<p>Escribe tus respuestas y empieza a notar patrones. Ver\u00e1s que tus fortalezas no solo te definen: <strong>te recargan.<\/strong><\/p>\n\n\n\n<h3 class=\"wp-block-heading\"> Liderar desde dentro es liderar mejor<\/h3>\n\n\n\n<p>La pr\u00f3xima vez que sientas que te falta tiempo, motivaci\u00f3n o claridad, detente y hazte una sola pregunta:<br><strong>\u00bfEstoy liderando desde mi energ\u00eda&#8230; o desde mi agotamiento?<\/strong><\/p>\n\n\n\n<p>Porque <strong>la clave no est\u00e1 en gestionar tu tiempo, sino en cultivar tu energ\u00eda y enfocar tu atenci\u00f3n con intenci\u00f3n<\/strong>.<\/p>\n\n\n\n<p>Y todo empieza con tus fortalezas.<\/p>\n\n\n\n<h3 class=\"wp-block-heading\"> \ud83d\udcd8 \u00bfQuieres dar el siguiente paso?<\/h3>\n\n\n\n<p>Descubre c\u00f3mo transformar tu vida y tu forma de liderar con el m\u00e9todo Power Up Mindset:<br>\ud83d\udc49 <strong>Power Up Mindset: Mentalidad energ\u00e9tica y atenci\u00f3n plena<\/strong><br>Transforma tu vida en 6 pasos. Disponible en Amazon.<br><\/p>","protected":false},"excerpt":{"rendered":"<p>En un entorno profesional cada vez m\u00e1s exigente, donde el estr\u00e9s y la sobrecarga mental son moneda com\u00fan, liderar con bienestar se ha convertido en una necesidad, no en un&#8230;<\/p>","protected":false},"author":3,"featured_media":1620,"comment_status":"closed","ping_status":"closed","sticky":false,"template":"","format":"standard","meta":{"footnotes":""},"categories":[38,3],"tags":[274,74,273,61,93,7,123,275],"class_list":{"0":"post-1702","1":"post","2":"type-post","3":"status-publish","4":"format-standard","5":"has-post-thumbnail","7":"category-coaching","8":"category-mindfulness","9":"tag-coach-ejecutivo-esther-fernandez","10":"tag-coach-experta-en-mindfulness","11":"tag-coaching-ejecutivo-valencia","12":"tag-coaching-empresarial","13":"tag-coachingmindfulness","14":"tag-estres","15":"tag-liderazgo-consciente","16":"tag-liderazgo-energetico"},"_links":{"self":[{"href":"https:\/\/estherfdez.es\/en\/wp-json\/wp\/v2\/posts\/1702","targetHints":{"allow":["GET"]}}],"collection":[{"href":"https:\/\/estherfdez.es\/en\/wp-json\/wp\/v2\/posts"}],"about":[{"href":"https:\/\/estherfdez.es\/en\/wp-json\/wp\/v2\/types\/post"}],"author":[{"embeddable":true,"href":"https:\/\/estherfdez.es\/en\/wp-json\/wp\/v2\/users\/3"}],"replies":[{"embeddable":true,"href":"https:\/\/estherfdez.es\/en\/wp-json\/wp\/v2\/comments?post=1702"}],"version-history":[{"count":1,"href":"https:\/\/estherfdez.es\/en\/wp-json\/wp\/v2\/posts\/1702\/revisions"}],"predecessor-version":[{"id":1703,"href":"https:\/\/estherfdez.es\/en\/wp-json\/wp\/v2\/posts\/1702\/revisions\/1703"}],"wp:featuredmedia":[{"embeddable":true,"href":"https:\/\/estherfdez.es\/en\/wp-json\/wp\/v2\/media\/1620"}],"wp:attachment":[{"href":"https:\/\/estherfdez.es\/en\/wp-json\/wp\/v2\/media?parent=1702"}],"wp:term":[{"taxonomy":"category","embeddable":true,"href":"https:\/\/estherfdez.es\/en\/wp-json\/wp\/v2\/categories?post=1702"},{"taxonomy":"post_tag","embeddable":true,"href":"https:\/\/estherfdez.es\/en\/wp-json\/wp\/v2\/tags?post=1702"}],"curies":[{"name":"wp","href":"https:\/\/api.w.org\/{rel}","templated":true}]}}