{"id":1600,"date":"2025-02-02T06:04:53","date_gmt":"2025-02-02T06:04:53","guid":{"rendered":"https:\/\/estherfdez.es\/?p=1600"},"modified":"2025-12-14T23:56:14","modified_gmt":"2025-12-14T23:56:14","slug":"asertividadlaclavepara-liderar-conconfianzayrespeto","status":"publish","type":"post","link":"https:\/\/estherfdez.es\/en\/asertividadlaclavepara-liderar-conconfianzayrespeto\/","title":{"rendered":"Asertividad: la clave para liderar con confianza y respeto"},"content":{"rendered":"<h4 class=\"wp-block-heading\">Asertividad: la clave para liderar con confianza y respeto<\/h4>\n\n\n\n<p>En el entorno profesional actual, la <strong>asertividad<\/strong> no es solo una habilidad interpersonal, sino un factor cr\u00edtico para el \u00e9xito en el liderazgo. Ser asertivo significa comunicar tus ideas, necesidades y l\u00edmites de manera clara y respetuosa, sin caer en la agresividad ni en la pasividad. En palabras de Esther Fern\u00e1ndez, coach ejecutivo y experta en liderazgo consciente, \u201cla asertividad es el puente entre la autenticidad y la eficacia\u201d.<\/p>\n\n\n\n<h4 class=\"wp-block-heading\">Qu\u00e9 es la asertividad y por qu\u00e9 importa<\/h4>\n\n\n\n<p>La asertividad es la capacidad de expresar tus pensamientos y emociones de forma directa y equilibrada. No se trata de imponer, sino de transmitir con firmeza lo que sientes o necesitas, manteniendo el respeto hacia los dem\u00e1s. Esta habilidad es esencial para:<\/p>\n\n\n\n<ul class=\"wp-block-list\">\n<li>Mejorar la comunicaci\u00f3n en equipos.<\/li>\n\n\n\n<li>Reducir conflictos innecesarios.<\/li>\n\n\n\n<li>Incrementar la confianza y credibilidad profesional.<\/li>\n\n\n\n<li>Facilitar la toma de decisiones claras y efectivas.<\/li>\n<\/ul>\n\n\n\n<p>Seg\u00fan estudios en neurociencia aplicada al liderazgo, l\u00edderes asertivos generan entornos de trabajo m\u00e1s productivos y colaborativos, donde la energ\u00eda del equipo fluye de manera \u00f3ptima.<\/p>\n\n\n\n<h4 class=\"wp-block-heading\">Diferencia entre asertividad, agresividad y pasividad<\/h4>\n\n\n\n<p>Es com\u00fan confundir asertividad con agresividad o pasividad, pero la diferencia es clara:<\/p>\n\n\n\n<figure class=\"wp-block-table\"><table class=\"has-fixed-layout\"><thead><tr><th>Tipo de comunicaci\u00f3n<\/th><th>Caracter\u00edsticas<\/th><th>Impacto<\/th><\/tr><\/thead><tbody><tr><td><strong>Asertiva<\/strong><\/td><td>Clara, directa, respetuosa<\/td><td>Construye respeto y confianza<\/td><\/tr><tr><td><strong>Agresiva<\/strong><\/td><td>Impositiva, dominante<\/td><td>Genera rechazo y resistencia<\/td><\/tr><tr><td><strong>Pasiva<\/strong><\/td><td>Evita confrontaci\u00f3n, sumisa<\/td><td>Desvaloriza tus necesidades y genera frustraci\u00f3n<\/td><\/tr><\/tbody><\/table><\/figure>\n\n\n\n<p>Dominar la asertividad permite expresar opiniones dif\u00edciles o negativas sin da\u00f1ar relaciones, y al mismo tiempo fortalece la percepci\u00f3n de liderazgo.<\/p>\n\n\n\n<h4 class=\"wp-block-heading\">Estrategias pr\u00e1cticas para desarrollar la asertividad<\/h4>\n\n\n\n<ol class=\"wp-block-list\">\n<li><strong>Conoce tus derechos y l\u00edmites<\/strong><br>Reconocer lo que es aceptable para ti es el primer paso para comunicarlo de forma efectiva. Establecer l\u00edmites claros evita que otros los sobrepasen.<\/li>\n\n\n\n<li><strong>Comunica en primera persona<\/strong><br>Utiliza frases como \u201cYo siento\u2026\u201d, \u201cYo necesito\u2026\u201d, en lugar de culpar o atacar. Esto reduce la defensividad del interlocutor.<\/li>\n\n\n\n<li><strong>Escucha activamente<\/strong><br>La asertividad no es solo hablar, sino tambi\u00e9n escuchar con atenci\u00f3n y empat\u00eda, mostrando que valoras la perspectiva del otro.<\/li>\n\n\n\n<li><strong>Practica el lenguaje corporal consciente<\/strong><br>Mant\u00e9n contacto visual, postura abierta y gestos calmados. Tu cuerpo refuerza tu mensaje verbal.<\/li>\n\n\n\n<li><strong>Usa t\u00e9cnicas de negociaci\u00f3n y compromiso<\/strong><br>Aprende a encontrar soluciones donde ambos ganen, combinando firmeza con flexibilidad.<\/li>\n<\/ol>\n\n\n\n<h4 class=\"wp-block-heading\">Beneficios de la asertividad en liderazgo<\/h4>\n\n\n\n<ul class=\"wp-block-list\">\n<li><strong>Equipos m\u00e1s motivados:<\/strong> Un l\u00edder asertivo transmite claridad y direcci\u00f3n sin imponer miedo.<\/li>\n\n\n\n<li><strong>Reducci\u00f3n del estr\u00e9s:<\/strong> Comunicar lo que necesitas evita sobrecargas emocionales y malentendidos.<\/li>\n\n\n\n<li><strong>Decisiones efectivas:<\/strong> Al expresar tus criterios claramente, se facilita el consenso y la acci\u00f3n r\u00e1pida.<\/li>\n\n\n\n<li><strong>Crecimiento profesional:<\/strong> La asertividad fortalece tu reputaci\u00f3n y te posiciona como referente confiable.<\/li>\n\n\n\n<li><\/li>\n<\/ul>\n\n\n\n<p>Ser asertivo no es una habilidad innata, sino una competencia que se puede entrenar y perfeccionar. Como destaca Esther Fern\u00e1ndez, \u201cliderar con asertividad es liderar desde la energ\u00eda y el respeto, no desde la fuerza o el miedo\u201d. Practicarla diariamente transforma no solo tu comunicaci\u00f3n, sino tambi\u00e9n tu impacto como profesional y l\u00edder.<\/p>","protected":false},"excerpt":{"rendered":"<p>Asertividad: la clave para liderar con confianza y respeto En el entorno profesional actual, la asertividad no es solo una habilidad interpersonal, sino un factor cr\u00edtico para el \u00e9xito en&#8230;<\/p>","protected":false},"author":3,"featured_media":1601,"comment_status":"closed","ping_status":"closed","sticky":false,"template":"","format":"standard","meta":{"footnotes":""},"categories":[38,3],"tags":[80,4,246,74,5,61,185,184,245,17,182],"class_list":{"0":"post-1600","1":"post","2":"type-post","3":"status-publish","4":"format-standard","5":"has-post-thumbnail","7":"category-coaching","8":"category-mindfulness","9":"tag-asertividad","10":"tag-atencion-plena","11":"tag-coach-en-valencia","12":"tag-coach-experta-en-mindfulness","13":"tag-coaching","14":"tag-coaching-empresarial","15":"tag-coachingejecutivovalencia","16":"tag-decirno","17":"tag-esther-fernandez-coaching","18":"tag-liderazgo","19":"tag-mentalidad"},"_links":{"self":[{"href":"https:\/\/estherfdez.es\/en\/wp-json\/wp\/v2\/posts\/1600","targetHints":{"allow":["GET"]}}],"collection":[{"href":"https:\/\/estherfdez.es\/en\/wp-json\/wp\/v2\/posts"}],"about":[{"href":"https:\/\/estherfdez.es\/en\/wp-json\/wp\/v2\/types\/post"}],"author":[{"embeddable":true,"href":"https:\/\/estherfdez.es\/en\/wp-json\/wp\/v2\/users\/3"}],"replies":[{"embeddable":true,"href":"https:\/\/estherfdez.es\/en\/wp-json\/wp\/v2\/comments?post=1600"}],"version-history":[{"count":3,"href":"https:\/\/estherfdez.es\/en\/wp-json\/wp\/v2\/posts\/1600\/revisions"}],"predecessor-version":[{"id":1798,"href":"https:\/\/estherfdez.es\/en\/wp-json\/wp\/v2\/posts\/1600\/revisions\/1798"}],"wp:featuredmedia":[{"embeddable":true,"href":"https:\/\/estherfdez.es\/en\/wp-json\/wp\/v2\/media\/1601"}],"wp:attachment":[{"href":"https:\/\/estherfdez.es\/en\/wp-json\/wp\/v2\/media?parent=1600"}],"wp:term":[{"taxonomy":"category","embeddable":true,"href":"https:\/\/estherfdez.es\/en\/wp-json\/wp\/v2\/categories?post=1600"},{"taxonomy":"post_tag","embeddable":true,"href":"https:\/\/estherfdez.es\/en\/wp-json\/wp\/v2\/tags?post=1600"}],"curies":[{"name":"wp","href":"https:\/\/api.w.org\/{rel}","templated":true}]}}