{"id":1134,"date":"2023-12-21T03:21:28","date_gmt":"2023-12-21T03:21:28","guid":{"rendered":"https:\/\/estherfdez.es\/?p=1134"},"modified":"2023-12-21T03:21:28","modified_gmt":"2023-12-21T03:21:28","slug":"liberandonos-de-la-queja-un-viaje-hacia-el-empoderamiento-personal","status":"publish","type":"post","link":"https:\/\/estherfdez.es\/en\/liberandonos-de-la-queja-un-viaje-hacia-el-empoderamiento-personal\/","title":{"rendered":"Liber\u00e1ndonos de la queja : un viaje hacia el empoderamiento personal"},"content":{"rendered":"<div class=\"w-full text-token-text-primary\" data-testid=\"conversation-turn-3\">\n<div class=\"px-4 py-2 justify-center text-base md:gap-6 m-auto\">\n<div class=\"flex flex-1 text-base mx-auto gap-3 md:px-5 lg:px-1 xl:px-5 md:max-w-3xl lg:max-w-[40rem] xl:max-w-[48rem] group\">\n<div class=\"relative flex w-full flex-col lg:w-[calc(100%-115px)] agent-turn\">\n<div class=\"flex-col gap-1 md:gap-3\">\n<div class=\"flex flex-grow flex-col max-w-full\">\n<div class=\"min-h-[20px] text-message flex flex-col items-start gap-3 whitespace-pre-wrap break-words [.text-message+&amp;]:mt-5 overflow-x-auto\" data-message-author-role=\"assistant\" data-message-id=\"3f0f069b-dbec-49f9-8689-fb9e8d97fa18\">\n<div class=\"markdown prose w-full break-words dark:prose-invert light\">\n<p>La queja es una expresi\u00f3n com\u00fan en la vida diaria. Ya sea quej\u00e1ndonos de situaciones laborales, relaciones personales o simplemente del clima, la queja se ha convertido en una forma aceptada de comunicar nuestras frustraciones. Sin embargo, \u00bfqu\u00e9 sucede cuando nos quedamos atrapados en un ciclo constante de quejas?<\/p>\n<p><strong>La queja como h\u00e1bito:<\/strong><\/p>\n<p>La queja ocasional puede ser una v\u00e1lvula de escape para liberar tensiones, pero cuando se convierte en un h\u00e1bito arraigado, puede tener consecuencias perjudiciales para nuestra salud mental y bienestar emocional. Perpetuar una mentalidad que se enfoca en lo negativo puede afectar nuestra perspectiva, relaciones y rendimiento en diversas \u00e1reas de la vida.<\/p>\n<p><strong>Efectos de la queja persistente:<\/strong><\/p>\n<ol>\n<li><strong>Impacto en la salud mental:<\/strong> La queja constante puede contribuir al estr\u00e9s cr\u00f3nico, la ansiedad y la depresi\u00f3n. En lugar de buscar soluciones, nos sumergimos en un ciclo de pensamientos negativos que afectan nuestra percepci\u00f3n de la realidad.<\/li>\n<li><strong>Deterioro de relaciones:<\/strong> La constante expresi\u00f3n de quejas puede desgastar las relaciones personales y profesionales. La negatividad repetitiva puede alejar a amigos, familiares y colegas, creando un entorno t\u00f3xico a nuestro alrededor.<\/li>\n<li><strong>Estancamiento personal y profesional:<\/strong> Aquellos atrapados en un patr\u00f3n de queja suelen tener dificultades para avanzar en sus metas personales y profesionales. La falta de enfoque en soluciones y la tendencia a lamentarse pueden obstaculizar el progreso.<\/li>\n<\/ol>\n<p>&nbsp;<\/p>\n<blockquote><p><strong><em>La cuesti\u00f3n no radica en la acci\u00f3n de quejarse en s\u00ed, sino en caer en el h\u00e1bito de quejarse sin tomar medidas concretas frente al malestar que experimentamos.<\/em><\/strong><\/p><\/blockquote>\n<p>&nbsp;<\/p>\n<p>Opta por no sumirte en quejas improductivas; elige ser parte de aquellos que no solo expresan insatisfacci\u00f3n, sino que tambi\u00e9n toman medidas. S\u00e9 de los que van m\u00e1s all\u00e1 de la queja, de los que transforman lo que est\u00e1 a su alcance, de los que aceptan lo inmutable y se adaptan, siempre esforz\u00e1ndose por extraer lo positivo y disfrutar del viaje.<\/p>\n<p><strong>C\u00f3mo liberarnos de la queja:<\/strong><\/p>\n<ol>\n<li><strong>Conciencia y Autoevaluaci\u00f3n:<\/strong> El primer paso para liberarse de la queja es tomar conciencia de nuestros propios patrones de pensamiento. Reflexionar sobre nuestras quejas habituales y c\u00f3mo impactan nuestras vidas nos permite identificar \u00e1reas para el cambio.<\/li>\n<li><strong>Cambio de perspectiva:<\/strong> En lugar de centrarse en lo que falta o en lo negativo, practiquemos el cambio de perspectiva hacia lo positivo. Aprender a ver los desaf\u00edos como oportunidades de crecimiento puede transformar nuestra mentalidad.<\/li>\n<li><strong>Enfoque en soluciones:<\/strong> En lugar de quejarnos pasivamente, enfoqu\u00e9monos en buscar soluciones. Cada problema presenta oportunidades para aprender y mejorar. Adoptar una mentalidad proactiva nos empodera para cambiar nuestra situaci\u00f3n.<\/li>\n<li><strong>Pr\u00e1cticas de gratitud:<\/strong> Cultivar la gratitud diaria puede ser una poderosa herramienta para contrarrestar la queja. Reconocer y apreciar las cosas positivas en nuestra vida nos ayuda a mantener una perspectiva equilibrada.<\/li>\n<li><strong>Comunicaci\u00f3n positiva:<\/strong> Aprender a comunicarnos de manera positiva puede fortalecer nuestras relaciones. Evitemos expresiones constantes de insatisfacci\u00f3n y busquemos compartir experiencias positivas y constructivas.<\/li>\n<\/ol>\n<p>&nbsp;<\/p>\n<blockquote><p><strong><em>La queja persistente puede ser una trampa emocional que nos impide disfrutar plenamente de la vida.<\/em> <\/strong><\/p><\/blockquote>\n<p>Liberarnos de este h\u00e1bito negativo requiere autoevaluaci\u00f3n, cambio de perspectiva y acciones proactivas. Al adoptar una mentalidad positiva, enfocarnos en soluciones y practicar la gratitud, podemos transformar nuestra experiencia diaria y avanzar hacia una vida m\u00e1s plena y satisfactoria. Recordemos que la queja es una elecci\u00f3n, y elegir la positividad puede ser el primer paso hacia un cambio significativo en nuestras vidas.<\/p>\n<p>No te conviertas en alguien que se limita a quejarse sin acci\u00f3n. Elige no quejarte en vano, y decide ser uno de los que act\u00faan, de los que van m\u00e1s all\u00e1 de la queja. Selecciona ser parte de aquellos que gestionan lo que pueden cambiar, aceptan lo que no pueden alterar y se ajustan, siempre buscando lo mejor y hallando satisfacci\u00f3n en el recorrido.<\/p>\n<p>&nbsp;<\/p>\n<p>&nbsp;<\/p>\n<p><strong>Esther Fern\u00e1ndez<\/strong><\/p>\n<p>Consultora Coach experta en Mindfulness<\/p>\n<p>Estr\u00e9s, Liderazgo y creatividad<\/p>\n<\/div>\n<\/div>\n<\/div>\n<\/div>\n<\/div>\n<\/div>\n<\/div>\n<\/div>\n","protected":false},"excerpt":{"rendered":"<p>La queja es una expresi\u00f3n com\u00fan en la vida diaria. Ya sea quej\u00e1ndonos de situaciones laborales, relaciones personales o simplemente del clima, la queja se ha convertido en una forma&#8230;<\/p>","protected":false},"author":2,"featured_media":1135,"comment_status":"open","ping_status":"open","sticky":false,"template":"","format":"standard","meta":{"footnotes":""},"categories":[38,3],"tags":[28,72,47,73,97,61,114,41,42,43,44,45,14,31],"class_list":{"0":"post-1134","1":"post","2":"type-post","3":"status-publish","4":"format-standard","5":"has-post-thumbnail","7":"category-coaching","8":"category-mindfulness","9":"tag-atencionplena","10":"tag-autocompasion","11":"tag-autoconocimiento","12":"tag-branding-consciente","13":"tag-coaching-ejecutivo","14":"tag-coaching-empresarial","15":"tag-coaching-profesional","16":"tag-mindfulness-coaching","17":"tag-mindfulness-en-el-trabajo","18":"tag-mindfulness-esther-fernandez","19":"tag-mindfulness-organizaciones","20":"tag-mindfulness-valencia","21":"tag-pausa-mindfulness","22":"tag-resiliencia"},"_links":{"self":[{"href":"https:\/\/estherfdez.es\/en\/wp-json\/wp\/v2\/posts\/1134","targetHints":{"allow":["GET"]}}],"collection":[{"href":"https:\/\/estherfdez.es\/en\/wp-json\/wp\/v2\/posts"}],"about":[{"href":"https:\/\/estherfdez.es\/en\/wp-json\/wp\/v2\/types\/post"}],"author":[{"embeddable":true,"href":"https:\/\/estherfdez.es\/en\/wp-json\/wp\/v2\/users\/2"}],"replies":[{"embeddable":true,"href":"https:\/\/estherfdez.es\/en\/wp-json\/wp\/v2\/comments?post=1134"}],"version-history":[{"count":1,"href":"https:\/\/estherfdez.es\/en\/wp-json\/wp\/v2\/posts\/1134\/revisions"}],"predecessor-version":[{"id":1500,"href":"https:\/\/estherfdez.es\/en\/wp-json\/wp\/v2\/posts\/1134\/revisions\/1500"}],"wp:featuredmedia":[{"embeddable":true,"href":"https:\/\/estherfdez.es\/en\/wp-json\/"}],"wp:attachment":[{"href":"https:\/\/estherfdez.es\/en\/wp-json\/wp\/v2\/media?parent=1134"}],"wp:term":[{"taxonomy":"category","embeddable":true,"href":"https:\/\/estherfdez.es\/en\/wp-json\/wp\/v2\/categories?post=1134"},{"taxonomy":"post_tag","embeddable":true,"href":"https:\/\/estherfdez.es\/en\/wp-json\/wp\/v2\/tags?post=1134"}],"curies":[{"name":"wp","href":"https:\/\/api.w.org\/{rel}","templated":true}]}}