{"id":1040,"date":"2023-10-22T10:21:05","date_gmt":"2023-10-22T10:21:05","guid":{"rendered":"https:\/\/estherfdez.es\/?p=1040"},"modified":"2023-10-22T10:21:05","modified_gmt":"2023-10-22T10:21:05","slug":"mindfulness-para-reducir-el-estres-aliviar-el-dolor-y-mejorar-tu-bienestar-el-programa-mindfulness-y-compasion-para-la-salud-mbpm","status":"publish","type":"post","link":"https:\/\/estherfdez.es\/en\/mindfulness-para-reducir-el-estres-aliviar-el-dolor-y-mejorar-tu-bienestar-el-programa-mindfulness-y-compasion-para-la-salud-mbpm\/","title":{"rendered":"Mindfulness para reducir el estr\u00e9s, aliviar el dolor y mejorar tu bienestar. El programa Mindfulness y compasi\u00f3n para la salud MBPM"},"content":{"rendered":"<div class=\"flex-1 overflow-hidden\">\n<div class=\"react-scroll-to-bottom--css-ahntt-79elbk h-full dark:bg-gray-800\">\n<div class=\"react-scroll-to-bottom--css-ahntt-1n7m0yu\">\n<div class=\"flex flex-col text-sm dark:bg-gray-800\">\n<div class=\"group w-full text-token-text-primary border-b border-black\/10 gizmo:border-0 dark:border-gray-900\/50 gizmo:dark:border-0 bg-gray-50 gizmo:bg-transparent dark:bg-[#444654] gizmo:dark:bg-transparent\" data-testid=\"conversation-turn-3\">\n<div class=\"p-4 justify-center text-base md:gap-6 md:py-6 m-auto\">\n<div class=\"flex flex-1 gap-4 text-base mx-auto md:gap-6 gizmo:gap-3 gizmo:md:px-5 gizmo:lg:px-1 gizmo:xl:px-5 md:max-w-2xl lg:max-w-[38rem] gizmo:md:max-w-3xl gizmo:lg:max-w-[40rem] gizmo:xl:max-w-[48rem] xl:max-w-3xl }\">\n<div class=\"relative flex w-[calc(100%-50px)] flex-col gizmo:w-full lg:w-[calc(100%-115px)] agent-turn\">\n<div class=\"flex-col gap-1 md:gap-3\">\n<div class=\"flex flex-grow flex-col gap-3 max-w-full\">\n<div class=\"min-h-[20px] flex flex-col items-start gap-3 whitespace-pre-wrap break-words overflow-x-auto\">\n<div class=\"markdown prose w-full break-words dark:prose-invert light\">\n<p><span>El dolor es una experiencia universal, y todos, en alg\u00fan momento de nuestras vidas, hemos enfrentado situaciones dolorosas, ya sean f\u00edsicas o emocionales. Sin embargo, \u00bfqu\u00e9 pasa cuando el dolor se convierte en una parte constante de nuestra existencia? \u00bfC\u00f3mo podemos aprender a vivir con \u00e9l, en lugar de ser definidos por \u00e9l? En su libro \u00abT\u00fa No Eres Tu Dolor\u00bb, Vidyamala Burch nos gu\u00eda por un camino de liberaci\u00f3n a trav\u00e9s del mindfulness, ofreciendo una perspectiva \u00fanica y valiosa sobre c\u00f3mo vivir una vida plena y significativa a pesar del dolor.<\/span><\/p>\n<p><strong><span>El camino de Vidyamala<\/span><\/strong><\/p>\n<p><span>Vidyamala Burch es una experta en mindfulness y meditaci\u00f3n. Es la fundadora de Respira Vida Breathworks, una organizaci\u00f3n que ofrece mindfulness y compasi\u00f3n a personas que padecen dolor y estr\u00e9s. Es autora de T\u00fa no eres tu dolor y Vivir bien con el dolor y la enfermedad. Su historia personal la convierte en una gu\u00eda excepcional en el viaje hacia la liberaci\u00f3n del dolor. Despu\u00e9s de sufrir un accidente de tr\u00e1fico que le dej\u00f3 con una lesi\u00f3n en la m\u00e9dula espinal, Vidyamala tuvo que aprender a vivir con un dolor cr\u00f3nico. A trav\u00e9s de la pr\u00e1ctica del mindfulness, encontr\u00f3 una forma de no solo sobrevivir sino de prosperar. <\/span><\/p>\n<p><span>Su libro, \u00abT\u00fa No Eres Tu Dolor\u00bb, es una cr\u00f3nica de su viaje personal y una gu\u00eda para otros que buscan una vida plena a pesar del dolor.\u00a0<\/span><\/p>\n<p><strong><span>Los principios fundamentales del Mindfulness<\/span><\/strong><\/p>\n<p><img loading=\"lazy\" decoding=\"async\" class=\"size-medium wp-image-1041 aligncenter\" src=\"https:\/\/estherfdez.es\/wp-content\/uploads\/2023\/10\/9788499886152-195x300.jpeg\" alt=\"\" width=\"195\" height=\"300\" \/><\/p>\n<p><span>En su obra, Vidyamala Burch nos sumerge en los principios fundamentales del mindfulness y c\u00f3mo aplicarlos para enfrentar el dolor. El mindfulness nos ense\u00f1a a estar plenamente presente en el momento, a observar el dolor sin juzgarlo, ya reconocer que somos mucho m\u00e1s que nuestras experiencias dolorosas. \u00abT\u00fa No Eres Tu Dolor\u00bb explora c\u00f3mo el mindfulness puede ayudarnos a cambiar nuestra relaci\u00f3n con el dolor ya liberarnos de su control sobre nuestras vidas.<\/span><\/p>\n<p><strong><span>Mi experiencia impartiendo el programa MBPM creado por Vidyamala<\/span><\/strong><\/p>\n<p><span>Como practicante y facilitador de mindfulness, tengo la oportunidad de impartir el programa de Vidyamala Burch a muchas personas que buscan liberarse del dolor cr\u00f3nico. A trav\u00e9s de este programa, he visto transformaciones asombrosas en individuos que han aprendido a abrazar el mindfulness como una herramienta poderosa para la gesti\u00f3n del dolor. Los participantes descubren que pueden vivir una vida significativa, a pesar del dolor, y que no est\u00e1n limitados por \u00e9l.<\/span><\/p>\n<p><span>\u00bb <\/span><strong><span>T\u00fa No Eres Tu Dolor<\/span><\/strong><span> \u00bb de Vidyamala Burch es un libro que ofrece una perspectiva refrescante y alentadora sobre c\u00f3mo vivir una vida plena a pesar del dolor. Su enfoque en el mindfulness como una herramienta para la liberaci\u00f3n del dolor es inspirador y transformador. Como facilitadora de su programa, he sido testigo de la transformaci\u00f3n que puede experimentar una persona cuando adopta estos principios en su vida. <\/span><\/p>\n<p><span>Si est\u00e1s lidiando con el dolor cr\u00f3nico, te animo a explorar el mundo del mindfulness y considerar la sabidur\u00eda que Vidyamala Burch comparte en su libro o participar en los programas que imparto de Respiravida (consulta en mi web). El camino hacia la liberaci\u00f3n del dolor est\u00e1 al alcance de todos nosotros, y el mindfulness es una gu\u00eda invaluable en este viaje.<\/span><\/p>\n<\/div>\n<p>&nbsp;<\/p>\n<p>&nbsp;<\/p>\n<p><strong>Esther Fern\u00e1ndez<\/strong><\/p>\n<p>Consultora, Coach y Formadora<\/p>\n<p>Experta en Mindfulness para el estr\u00e9s<\/p>\n<\/div>\n<\/div>\n<div class=\"flex justify-between empty:hidden gizmo:justify-start gizmo:gap-3 lg:block\"><\/div>\n<\/div>\n<\/div>\n<\/div>\n<\/div>\n<\/div>\n<div class=\"group final-completion w-full text-token-text-primary border-b border-black\/10 gizmo:border-0 dark:border-gray-900\/50 gizmo:dark:border-0 bg-gray-50 gizmo:bg-transparent dark:bg-[#444654] gizmo:dark:bg-transparent\" data-testid=\"conversation-turn-5\">\n<div class=\"p-4 justify-center text-base md:gap-6 md:py-6 m-auto\">\n<div class=\"flex flex-1 gap-4 text-base mx-auto md:gap-6 gizmo:gap-3 gizmo:md:px-5 gizmo:lg:px-1 gizmo:xl:px-5 md:max-w-2xl lg:max-w-[38rem] gizmo:md:max-w-3xl gizmo:lg:max-w-[40rem] gizmo:xl:max-w-[48rem] xl:max-w-3xl }\">\n<div class=\"flex-shrink-0 flex flex-col relative items-end\"><\/div>\n<\/div>\n<\/div>\n<\/div>\n<\/div>\n<\/div>\n<\/div>\n<\/div>\n<div class=\"w-full pt-2 md:pt-0 border-t md:border-t-0 dark:border-white\/20 md:border-transparent md:dark:border-transparent md:pl-2 md:w-[calc(100%-.5rem)] absolute bottom-0 left-0 md:bg-vert-light-gradient bg-white dark:bg-gray-800 md:!bg-transparent dark:md:bg-vert-dark-gradient\">\n<form class=\"stretch mx-2 flex flex-row gap-3 last:mb-2 md:mx-4 md:last:mb-6 lg:mx-auto lg:max-w-2xl xl:max-w-3xl\">\n<div class=\"relative flex h-full flex-1 items-stretch md:flex-col\">\n<div>\n<div class=\"h-full flex ml-1 md:w-full md:m-auto md:mb-4 gap-0 md:gap-2 justify-center\">\n<div class=\"flex items-center md:items-end\">\n<div data-projection-id=\"87\">\n<div class=\"flex w-full gap-2 items-center justify-center\"><\/div>\n<\/div>\n<\/div>\n<\/div>\n<\/div>\n<div class=\"flex w-full items-center\"><\/div>\n<\/div>\n<\/form>\n<\/div>\n","protected":false},"excerpt":{"rendered":"<p>El dolor es una experiencia universal, y todos, en alg\u00fan momento de nuestras vidas, hemos enfrentado situaciones dolorosas, ya sean f\u00edsicas o emocionales. Sin embargo, \u00bfqu\u00e9 pasa cuando el dolor&#8230;<\/p>","protected":false},"author":2,"featured_media":1042,"comment_status":"open","ping_status":"open","sticky":false,"template":"","format":"standard","meta":{"footnotes":""},"categories":[3],"tags":[4,72,74,93,7,8,42,43],"class_list":{"0":"post-1040","1":"post","2":"type-post","3":"status-publish","4":"format-standard","5":"has-post-thumbnail","7":"category-mindfulness","8":"tag-atencion-plena","9":"tag-autocompasion","10":"tag-coach-experta-en-mindfulness","11":"tag-coachingmindfulness","12":"tag-estres","13":"tag-mbsr","14":"tag-mindfulness-en-el-trabajo","15":"tag-mindfulness-esther-fernandez"},"_links":{"self":[{"href":"https:\/\/estherfdez.es\/en\/wp-json\/wp\/v2\/posts\/1040","targetHints":{"allow":["GET"]}}],"collection":[{"href":"https:\/\/estherfdez.es\/en\/wp-json\/wp\/v2\/posts"}],"about":[{"href":"https:\/\/estherfdez.es\/en\/wp-json\/wp\/v2\/types\/post"}],"author":[{"embeddable":true,"href":"https:\/\/estherfdez.es\/en\/wp-json\/wp\/v2\/users\/2"}],"replies":[{"embeddable":true,"href":"https:\/\/estherfdez.es\/en\/wp-json\/wp\/v2\/comments?post=1040"}],"version-history":[{"count":0,"href":"https:\/\/estherfdez.es\/en\/wp-json\/wp\/v2\/posts\/1040\/revisions"}],"wp:featuredmedia":[{"embeddable":true,"href":"https:\/\/estherfdez.es\/en\/wp-json\/"}],"wp:attachment":[{"href":"https:\/\/estherfdez.es\/en\/wp-json\/wp\/v2\/media?parent=1040"}],"wp:term":[{"taxonomy":"category","embeddable":true,"href":"https:\/\/estherfdez.es\/en\/wp-json\/wp\/v2\/categories?post=1040"},{"taxonomy":"post_tag","embeddable":true,"href":"https:\/\/estherfdez.es\/en\/wp-json\/wp\/v2\/tags?post=1040"}],"curies":[{"name":"wp","href":"https:\/\/api.w.org\/{rel}","templated":true}]}}